{"id":8877,"date":"2017-10-13T12:06:17","date_gmt":"2017-10-13T12:06:17","guid":{"rendered":"http:\/\/lifeplatform.eu\/?p=8877"},"modified":"2017-10-17T07:31:36","modified_gmt":"2017-10-17T07:31:37","slug":"life-calls-inclusive-blue-growth","status":"publish","type":"post","link":"https:\/\/lifeplatform.eu\/ro\/life-calls-inclusive-blue-growth\/","title":{"rendered":"LIFE face apel la o cre\u0219tere albastr\u0103 favorabil\u0103 incluziunii"},"content":{"rendered":"<h3 style=\"text-align: center;\"><span style=\"color: #0000ff;\"><strong>LIFE face apel la o cre\u0219tere albastr\u0103 favorabil\u0103 incluziunii \u00een cadrul Conferin\u021bei \"Oceanul nostru<\/strong><\/span><\/h3>\n<p><img loading=\"lazy\" decoding=\"async\" class=\"size-medium wp-image-8878 aligncenter\" src=\"https:\/\/lifeplatform.eu\/wp-content\/uploads\/2017\/10\/wave-1913559_960_720-300x148.jpg\" alt=\"\" width=\"300\" height=\"148\" srcset=\"https:\/\/lifeplatform.eu\/wp-content\/uploads\/2017\/10\/wave-1913559_960_720-300x148.jpg 300w, https:\/\/lifeplatform.eu\/wp-content\/uploads\/2017\/10\/wave-1913559_960_720-978x481.jpg 978w, https:\/\/lifeplatform.eu\/wp-content\/uploads\/2017\/10\/wave-1913559_960_720.jpg 960w\" sizes=\"auto, (max-width: 300px) 100vw, 300px\" \/><\/p>\n<p>&nbsp;<\/p>\n<p>Bruxelles, 16 octombrie 2017<\/p>\n<p>Brian O'Riordan, director adjunct al organiza\u021biei Low Impact Fishers of Europe (LIFE)<strong> <span style=\"color: #000000;\">a salutat ini\u021biativa FAO privind cre\u0219terea albastr\u0103, care a pus \u00een centrul s\u0103u pescuitul la scar\u0103 mic\u0103.<\/span> <\/strong>Aceast\u0103 abordare contrasteaz\u0103 cu cea adoptat\u0103 de Comisia European\u0103, care a f\u0103cut o diferen\u021b\u0103 \u00eentre economia albastr\u0103, care include toate elementele economiei marine, \u0219i cre\u0219terea albastr\u0103. Aceasta din urm\u0103 s-a axat pe sectoare economice selec\u021bionate, considerate a avea poten\u021bial de cre\u0219tere, excluz\u00e2ndu-le pe cele considerate a avea un poten\u021bial limitat. \u00cen opinia sa, \u00een elaborarea strategiilor de cre\u0219tere albastr\u0103, trebuie s\u0103 se pun\u0103 un accent mai mare pe dezvoltarea durabil\u0103 a economiei albastre, care se bazeaz\u0103 pe trei piloni ai dezvolt\u0103rii durabile: economic, de mediu \u0219i social. Economia albastr\u0103 ar trebui s\u0103 func\u021bioneze pentru toate sectoarele maritime, nu doar pentru c\u00e2teva dintre ele.<\/p>\n<p>\u00cen ultimii 35 de ani, pescuitul la scar\u0103 mic\u0103 a fost ignorat de Comisia European\u0103 \u0219i exclus din procesele de elaborare a politicilor \u00een Europa. De fapt, sectorul pescuitului la scar\u0103 mic\u0103 - care utilizeaz\u0103 nave sub 12 metri \u0219i unelte de pescuit neremorcate - a devenit o \"flot\u0103 uitat\u0103\". Oportunit\u0103\u021bile oferite de \"procesul C\u0103r\u021bii verzi\" din 2009 de revizuire a politicii comune \u00een domeniul pescuitului (PCP) din Europa au determinat un grup de pescari s\u0103 lanseze LIFE \u00een 2012, \u00een ajunul unei noi PCP.<\/p>\n<p>\u00cen Europa, o analiz\u0103 efectuat\u0103 de Comitetul \u0219tiin\u021bific, tehnic \u0219i economic pentru pescuit (CSTEP), un organism consultativ oficial al Comisiei Europene, subliniaz\u0103 c\u0103 flota european\u0103 de pescuit la scar\u0103 mic\u0103 reprezint\u0103 82% din totalul flotei ca num\u0103r de nave \u0219i 74% din navele active, aproximativ 8% din tonajul brut \u00eenregistrat, utilizeaz\u0103 7% din combustibil \u0219i debarc\u0103 5% din capturile \u00een greutate \u0219i 12% ca valoare. Astfel, flota majoritar\u0103 asigur\u0103 51% din locurile de munc\u0103 \u0219i, cu 65% VAB\/venituri, are cea mai mare valoare ad\u0103ugat\u0103 brut\u0103 ca procent din venituri (infografic oficial al CE: https:\/\/ec.europa.eu\/fisheries\/sites\/fisheries\/files\/docs\/publications\/2016-small-scale-coastal-fleet_en.pdf ). <strong>Cu toate acestea, c\u00e2\u0219tigurile \u0219i salariile sunt sc\u0103zute, \u00een parte din cauza faptului c\u0103 flota nu are acces la o cot\u0103 suficient\u0103, fiind nevoit\u0103 s\u0103 recurg\u0103 la specii f\u0103r\u0103 cot\u0103. \u00a0\u00a0<\/strong><\/p>\n<p>Este incoerent faptul c\u0103 pescuitul la scar\u0103 mic\u0103, cu poten\u021bialul s\u0103u inerent de valoare ad\u0103ugat\u0103 \u0219i de cre\u0219tere a veniturilor, precum \u0219i sinergiile sale cu turismul, <strong>ar trebui s\u0103 fie excluse din strategiile europene de cre\u0219tere albastr\u0103, \u00een timp ce acvacultura este inclus\u0103.<\/strong> \u00cen ultimii 10 ani, produc\u021bia de acvacultur\u0103 din Europa a stagnat, \u00eenregistr\u00e2nd sc\u0103deri de p\u00e2n\u0103 la 20%. Cu toate acestea, este inclus\u0103 ca fiind un sector \"\u00een cre\u0219tere\" \u0219i, potrivit directorului DG Mare pentru politica maritim\u0103 \u0219i economia albastr\u0103, are nevoie de \"certitudine \u00een afaceri, proceduri administrative simplificate \u0219i spa\u021biu adecvat\" pentru a se dezvolta.<\/p>\n<p>Recunoa\u0219terea faptului c\u0103 acvacultura are nevoie de spa\u021biu pentru a se dezvolta, f\u0103r\u0103 a lua \u00een considerare faptul c\u0103, cu un spa\u021biu \u0219i politici similare, pescuitul la scar\u0103 mic\u0103 are, de asemenea, un poten\u021bial semnificativ de a se dezvolta, de a oferi locuri de munc\u0103 \u0219i de a contribui la economiile locale, este eronat\u0103.<\/p>\n<p>Planificarea spa\u021biului marin (MSP) este un instrument cu un mare poten\u021bial pentru a asigura zone de pescuit productive pentru pescarii artizanali \u0219i pentru a se asigura c\u0103 alte interese care concureaz\u0103 pentru spa\u021biul oceanic nu \u00eencalc\u0103 aceste zone. \u00cen Europa, exist\u0103 at\u00e2t exemple bune, c\u00e2t \u0219i rele de utilizare a amenaj\u0103rii spa\u021biului maritim pentru a favoriza sau a discrimina pescuitul la scar\u0103 mic\u0103. \u00cen cazul Maltei, exist\u0103 planuri ambi\u021bioase de a crea zone marine protejate (MPA) \u00een cadrul sistemului european Natura 2000. Oamenii de \u0219tiin\u021b\u0103 au identificat situri Natura 2000 \u00een zona de 3 mile, care ocup\u0103 peste 40% din zonele de pescuit artizanal. Pescarii artizanali nu au fost consulta\u021bi cu privire la acest lucru \u0219i urmeaz\u0103 s\u0103 fie exclu\u0219i de la pescuit \u00een aceste zone. <strong>\u00cen mod ironic, zonele au fost selectate datorit\u0103 \"st\u0103rii lor ecologice bune\", ceea ce ar \u00eensemna c\u0103 activit\u0103\u021bile de pescuit vechi de secole care au folosit aceste zone au un impact sc\u0103zut \u0219i completeaz\u0103 obiectivele de conservare.<\/strong><\/p>\n<p>\u00cen conformitate cu legisla\u021bia UE, aceste zone speciale de conservare trebuie s\u0103 abordeze conservarea speciilor \u0219i a habitatelor \u00een paralel cu activit\u0103\u021bile sociale \u0219i economice existente, inclusiv pescuitul.<\/p>\n<p>\u00cen Catalonia, guvernul a adoptat un decret care va face din gestionarea comun\u0103 a pescuitului o lege, plas\u00e2nd pescarii \u00een centrul guvern\u0103rii. Acest lucru le va permite pescarilor nu numai s\u0103 aib\u0103 un cuv\u00e2nt de spus \u00een ceea ce prive\u0219te modul \u00een care sunt gestionate activit\u0103\u021bile de pescuit, ci \u0219i s\u0103 se asigure c\u0103 vocile lor sunt auzite atunci c\u00e2nd vine vorba de alocarea spa\u021biului oceanic pentru alte activit\u0103\u021bi.<\/p>\n<p>Este timpul ca factorii de decizie s\u0103 recunoasc\u0103 importan\u021ba pescuitului pentru economiile locale \u0219i na\u021bionale \u0219i poten\u021bialul pescuitului de a oferi locuri de munc\u0103 durabile, surse de hran\u0103 \u0219i mijloace de trai, dac\u0103 este dezvoltat \u0219i gestionat corect.<\/p>\n<h3 style=\"text-align: center;\">\u2666 \u2666 \u2666<\/h3>\n<p>&nbsp;<\/p>","protected":false},"excerpt":{"rendered":"<p>LIFE face apel la o cre\u0219tere albastr\u0103 favorabil\u0103 incluziunii \u00een cadrul Conferin\u021bei \"Oceanul nostru\" Bruxelles, 16 octombrie 2017 Brian O'Riordan, director adjunct al organiza\u021biei Low Impact Fishers of Europe (LIFE), a salutat ini\u021biativa FAO privind cre\u0219terea albastr\u0103, care pune \u00een centrul s\u0103u pescuitul la scar\u0103 mic\u0103. Aceasta a contrastat cu abordarea adoptat\u0103 de Comisia European\u0103, care [...]<\/p>","protected":false},"author":2,"featured_media":8878,"comment_status":"closed","ping_status":"closed","sticky":false,"template":"","format":"standard","meta":{"give_campaign_id":0,"footnotes":""},"categories":[4],"tags":[114,839],"class_list":["post-8877","post","type-post","status-publish","format-standard","has-post-thumbnail","hentry","category-news","tag-blue-growth","tag-economy","has-post-title","has-post-date","has-post-category","has-post-tag","has-post-comment","has-post-author",""],"yoast_head":"<!-- This site is optimized with the Yoast SEO plugin v26.6 - https:\/\/yoast.com\/wordpress\/plugins\/seo\/ -->\n<title>LIFE calls for inclusive Blue Growth - Life Platform<\/title>\n<meta name=\"robots\" content=\"index, follow, max-snippet:-1, max-image-preview:large, max-video-preview:-1\" \/>\n<link rel=\"canonical\" href=\"https:\/\/lifeplatform.eu\/ro\/life-calls-inclusive-blue-growth\/\" \/>\n<meta property=\"og:locale\" content=\"ro_RO\" \/>\n<meta property=\"og:type\" content=\"article\" \/>\n<meta property=\"og:title\" content=\"LIFE calls for inclusive Blue Growth - Life Platform\" \/>\n<meta property=\"og:description\" content=\"LIFE calls for inclusive Blue Growth at the Our Ocean Conference &nbsp; Brussels, 16th of October 2017 Brian O\u2019Riordan, Deputy Director of the Low Impact Fishers of Europe (LIFE) welcomed the FAO initiative on Blue Growth, that put small scale fisheries at its centre. This contrasted with the approach taken by the European Commission that [&hellip;]\" \/>\n<meta property=\"og:url\" content=\"https:\/\/lifeplatform.eu\/ro\/life-calls-inclusive-blue-growth\/\" \/>\n<meta property=\"og:site_name\" content=\"Life Platform\" \/>\n<meta property=\"article:publisher\" content=\"https:\/\/www.facebook.com\/Low-Impact-Fishers-of-Europe-166393173503352\/?ref=hl\" \/>\n<meta property=\"article:published_time\" content=\"2017-10-13T12:06:17+00:00\" \/>\n<meta property=\"article:modified_time\" content=\"2017-10-17T07:31:37+00:00\" \/>\n<meta property=\"og:image\" content=\"https:\/\/lifeplatform.eu\/wp-content\/uploads\/2017\/10\/wave-1913559_960_720.jpg\" \/>\n\t<meta property=\"og:image:width\" content=\"960\" \/>\n\t<meta property=\"og:image:height\" content=\"473\" \/>\n\t<meta property=\"og:image:type\" content=\"image\/jpeg\" \/>\n<meta name=\"author\" content=\"LIFE Platform\" \/>\n<meta name=\"twitter:card\" content=\"summary_large_image\" \/>\n<meta name=\"twitter:creator\" content=\"@LIFEplatformEU\" \/>\n<meta name=\"twitter:site\" content=\"@LIFEplatformEU\" \/>\n<meta name=\"twitter:label1\" content=\"Scris de\" \/>\n\t<meta name=\"twitter:data1\" content=\"LIFE Platform\" \/>\n\t<meta name=\"twitter:label2\" content=\"Timp estimat pentru citire\" \/>\n\t<meta name=\"twitter:data2\" content=\"4 minutes\" \/>\n<script type=\"application\/ld+json\" class=\"yoast-schema-graph\">{\"@context\":\"https:\/\/schema.org\",\"@graph\":[{\"@type\":\"WebPage\",\"@id\":\"https:\/\/lifeplatform.eu\/nl\/life-calls-inclusive-blue-growth\/\",\"url\":\"https:\/\/lifeplatform.eu\/nl\/life-calls-inclusive-blue-growth\/\",\"name\":\"LIFE calls for inclusive Blue Growth - Life Platform\",\"isPartOf\":{\"@id\":\"https:\/\/lifeplatform.eu\/ro\/#website\"},\"primaryImageOfPage\":{\"@id\":\"https:\/\/lifeplatform.eu\/nl\/life-calls-inclusive-blue-growth\/#primaryimage\"},\"image\":{\"@id\":\"https:\/\/lifeplatform.eu\/nl\/life-calls-inclusive-blue-growth\/#primaryimage\"},\"thumbnailUrl\":\"https:\/\/lifeplatform.eu\/wp-content\/uploads\/2017\/10\/wave-1913559_960_720.jpg\",\"datePublished\":\"2017-10-13T12:06:17+00:00\",\"dateModified\":\"2017-10-17T07:31:37+00:00\",\"author\":{\"@id\":\"https:\/\/lifeplatform.eu\/ro\/#\/schema\/person\/08408243d2c0a0f8f8a0e490f873351c\"},\"breadcrumb\":{\"@id\":\"https:\/\/lifeplatform.eu\/nl\/life-calls-inclusive-blue-growth\/#breadcrumb\"},\"inLanguage\":\"ro-RO\",\"potentialAction\":[{\"@type\":\"ReadAction\",\"target\":[\"https:\/\/lifeplatform.eu\/nl\/life-calls-inclusive-blue-growth\/\"]}]},{\"@type\":\"ImageObject\",\"inLanguage\":\"ro-RO\",\"@id\":\"https:\/\/lifeplatform.eu\/nl\/life-calls-inclusive-blue-growth\/#primaryimage\",\"url\":\"https:\/\/lifeplatform.eu\/wp-content\/uploads\/2017\/10\/wave-1913559_960_720.jpg\",\"contentUrl\":\"https:\/\/lifeplatform.eu\/wp-content\/uploads\/2017\/10\/wave-1913559_960_720.jpg\",\"width\":960,\"height\":473},{\"@type\":\"BreadcrumbList\",\"@id\":\"https:\/\/lifeplatform.eu\/nl\/life-calls-inclusive-blue-growth\/#breadcrumb\",\"itemListElement\":[{\"@type\":\"ListItem\",\"position\":1,\"name\":\"Home\",\"item\":\"https:\/\/lifeplatform.eu\/\"},{\"@type\":\"ListItem\",\"position\":2,\"name\":\"LIFE calls for inclusive Blue Growth\"}]},{\"@type\":\"WebSite\",\"@id\":\"https:\/\/lifeplatform.eu\/ro\/#website\",\"url\":\"https:\/\/lifeplatform.eu\/ro\/\",\"name\":\"Life Platform\",\"description\":\"\",\"potentialAction\":[{\"@type\":\"SearchAction\",\"target\":{\"@type\":\"EntryPoint\",\"urlTemplate\":\"https:\/\/lifeplatform.eu\/ro\/?s={search_term_string}\"},\"query-input\":{\"@type\":\"PropertyValueSpecification\",\"valueRequired\":true,\"valueName\":\"search_term_string\"}}],\"inLanguage\":\"ro-RO\"},{\"@type\":\"Person\",\"@id\":\"https:\/\/lifeplatform.eu\/ro\/#\/schema\/person\/08408243d2c0a0f8f8a0e490f873351c\",\"name\":\"LIFE Platform\",\"image\":{\"@type\":\"ImageObject\",\"inLanguage\":\"ro-RO\",\"@id\":\"https:\/\/lifeplatform.eu\/ro\/#\/schema\/person\/image\/\",\"url\":\"https:\/\/secure.gravatar.com\/avatar\/6ca31bdd062853151bd502f8094814ad24e1606702561c4c2e605059ca8fd994?s=96&d=mm&r=g\",\"contentUrl\":\"https:\/\/secure.gravatar.com\/avatar\/6ca31bdd062853151bd502f8094814ad24e1606702561c4c2e605059ca8fd994?s=96&d=mm&r=g\",\"caption\":\"LIFE Platform\"},\"url\":\"https:\/\/lifeplatform.eu\/ro\/author\/claudia2015\/\"}]}<\/script>\n<!-- \/ Yoast SEO plugin. -->","yoast_head_json":{"title":"LIFE calls for inclusive Blue Growth - Life Platform","robots":{"index":"index","follow":"follow","max-snippet":"max-snippet:-1","max-image-preview":"max-image-preview:large","max-video-preview":"max-video-preview:-1"},"canonical":"https:\/\/lifeplatform.eu\/ro\/life-calls-inclusive-blue-growth\/","og_locale":"ro_RO","og_type":"article","og_title":"LIFE calls for inclusive Blue Growth - Life Platform","og_description":"LIFE calls for inclusive Blue Growth at the Our Ocean Conference &nbsp; Brussels, 16th of October 2017 Brian O\u2019Riordan, Deputy Director of the Low Impact Fishers of Europe (LIFE) welcomed the FAO initiative on Blue Growth, that put small scale fisheries at its centre. This contrasted with the approach taken by the European Commission that [&hellip;]","og_url":"https:\/\/lifeplatform.eu\/ro\/life-calls-inclusive-blue-growth\/","og_site_name":"Life Platform","article_publisher":"https:\/\/www.facebook.com\/Low-Impact-Fishers-of-Europe-166393173503352\/?ref=hl","article_published_time":"2017-10-13T12:06:17+00:00","article_modified_time":"2017-10-17T07:31:37+00:00","og_image":[{"width":960,"height":473,"url":"https:\/\/lifeplatform.eu\/wp-content\/uploads\/2017\/10\/wave-1913559_960_720.jpg","type":"image\/jpeg"}],"author":"LIFE Platform","twitter_card":"summary_large_image","twitter_creator":"@LIFEplatformEU","twitter_site":"@LIFEplatformEU","twitter_misc":{"Scris de":"LIFE Platform","Timp estimat pentru citire":"4 minutes"},"schema":{"@context":"https:\/\/schema.org","@graph":[{"@type":"WebPage","@id":"https:\/\/lifeplatform.eu\/nl\/life-calls-inclusive-blue-growth\/","url":"https:\/\/lifeplatform.eu\/nl\/life-calls-inclusive-blue-growth\/","name":"LIFE calls for inclusive Blue Growth - Life Platform","isPartOf":{"@id":"https:\/\/lifeplatform.eu\/ro\/#website"},"primaryImageOfPage":{"@id":"https:\/\/lifeplatform.eu\/nl\/life-calls-inclusive-blue-growth\/#primaryimage"},"image":{"@id":"https:\/\/lifeplatform.eu\/nl\/life-calls-inclusive-blue-growth\/#primaryimage"},"thumbnailUrl":"https:\/\/lifeplatform.eu\/wp-content\/uploads\/2017\/10\/wave-1913559_960_720.jpg","datePublished":"2017-10-13T12:06:17+00:00","dateModified":"2017-10-17T07:31:37+00:00","author":{"@id":"https:\/\/lifeplatform.eu\/ro\/#\/schema\/person\/08408243d2c0a0f8f8a0e490f873351c"},"breadcrumb":{"@id":"https:\/\/lifeplatform.eu\/nl\/life-calls-inclusive-blue-growth\/#breadcrumb"},"inLanguage":"ro-RO","potentialAction":[{"@type":"ReadAction","target":["https:\/\/lifeplatform.eu\/nl\/life-calls-inclusive-blue-growth\/"]}]},{"@type":"ImageObject","inLanguage":"ro-RO","@id":"https:\/\/lifeplatform.eu\/nl\/life-calls-inclusive-blue-growth\/#primaryimage","url":"https:\/\/lifeplatform.eu\/wp-content\/uploads\/2017\/10\/wave-1913559_960_720.jpg","contentUrl":"https:\/\/lifeplatform.eu\/wp-content\/uploads\/2017\/10\/wave-1913559_960_720.jpg","width":960,"height":473},{"@type":"BreadcrumbList","@id":"https:\/\/lifeplatform.eu\/nl\/life-calls-inclusive-blue-growth\/#breadcrumb","itemListElement":[{"@type":"ListItem","position":1,"name":"Home","item":"https:\/\/lifeplatform.eu\/"},{"@type":"ListItem","position":2,"name":"LIFE calls for inclusive Blue Growth"}]},{"@type":"WebSite","@id":"https:\/\/lifeplatform.eu\/ro\/#website","url":"https:\/\/lifeplatform.eu\/ro\/","name":"Platforma de via\u021b\u0103","description":"","potentialAction":[{"@type":"SearchAction","target":{"@type":"EntryPoint","urlTemplate":"https:\/\/lifeplatform.eu\/ro\/?s={search_term_string}"},"query-input":{"@type":"PropertyValueSpecification","valueRequired":true,"valueName":"search_term_string"}}],"inLanguage":"ro-RO"},{"@type":"Person","@id":"https:\/\/lifeplatform.eu\/ro\/#\/schema\/person\/08408243d2c0a0f8f8a0e490f873351c","name":"Platforma LIFE","image":{"@type":"ImageObject","inLanguage":"ro-RO","@id":"https:\/\/lifeplatform.eu\/ro\/#\/schema\/person\/image\/","url":"https:\/\/secure.gravatar.com\/avatar\/6ca31bdd062853151bd502f8094814ad24e1606702561c4c2e605059ca8fd994?s=96&d=mm&r=g","contentUrl":"https:\/\/secure.gravatar.com\/avatar\/6ca31bdd062853151bd502f8094814ad24e1606702561c4c2e605059ca8fd994?s=96&d=mm&r=g","caption":"LIFE Platform"},"url":"https:\/\/lifeplatform.eu\/ro\/author\/claudia2015\/"}]}},"_links":{"self":[{"href":"https:\/\/lifeplatform.eu\/ro\/wp-json\/wp\/v2\/posts\/8877","targetHints":{"allow":["GET"]}}],"collection":[{"href":"https:\/\/lifeplatform.eu\/ro\/wp-json\/wp\/v2\/posts"}],"about":[{"href":"https:\/\/lifeplatform.eu\/ro\/wp-json\/wp\/v2\/types\/post"}],"author":[{"embeddable":true,"href":"https:\/\/lifeplatform.eu\/ro\/wp-json\/wp\/v2\/users\/2"}],"replies":[{"embeddable":true,"href":"https:\/\/lifeplatform.eu\/ro\/wp-json\/wp\/v2\/comments?post=8877"}],"version-history":[{"count":6,"href":"https:\/\/lifeplatform.eu\/ro\/wp-json\/wp\/v2\/posts\/8877\/revisions"}],"predecessor-version":[{"id":8921,"href":"https:\/\/lifeplatform.eu\/ro\/wp-json\/wp\/v2\/posts\/8877\/revisions\/8921"}],"wp:featuredmedia":[{"embeddable":true,"href":"https:\/\/lifeplatform.eu\/ro\/wp-json\/wp\/v2\/media\/8878"}],"wp:attachment":[{"href":"https:\/\/lifeplatform.eu\/ro\/wp-json\/wp\/v2\/media?parent=8877"}],"wp:term":[{"taxonomy":"category","embeddable":true,"href":"https:\/\/lifeplatform.eu\/ro\/wp-json\/wp\/v2\/categories?post=8877"},{"taxonomy":"post_tag","embeddable":true,"href":"https:\/\/lifeplatform.eu\/ro\/wp-json\/wp\/v2\/tags?post=8877"}],"curies":[{"name":"wp","href":"https:\/\/api.w.org\/{rel}","templated":true}]}}