{"id":22328,"date":"2026-03-11T09:44:47","date_gmt":"2026-03-11T09:44:47","guid":{"rendered":"https:\/\/lifeplatform.eu\/?p=22328"},"modified":"2026-03-11T09:44:47","modified_gmt":"2026-03-11T09:44:47","slug":"strengthening-our-team-meet-our-new-admin-financial-officer","status":"publish","type":"post","link":"https:\/\/lifeplatform.eu\/ro\/strengthening-our-team-meet-our-new-admin-financial-officer\/","title":{"rendered":"Consolidarea echipei noastre: Face\u021bi cuno\u0219tin\u021b\u0103 cu noul nostru director administrativ \u0219i financiar"},"content":{"rendered":"<h5><img loading=\"lazy\" decoding=\"async\" class=\"wp-image-22320 alignleft\" src=\"https:\/\/lifeplatform.eu\/wp-content\/uploads\/2026\/03\/IMG-20260305-WA0001-Claudia-285x300.jpg\" alt=\"\" width=\"151\" height=\"159\" srcset=\"https:\/\/lifeplatform.eu\/wp-content\/uploads\/2026\/03\/IMG-20260305-WA0001-Claudia-285x300.jpg 285w, https:\/\/lifeplatform.eu\/wp-content\/uploads\/2026\/03\/IMG-20260305-WA0001-Claudia-11x12.jpg 11w, https:\/\/lifeplatform.eu\/wp-content\/uploads\/2026\/03\/IMG-20260305-WA0001-Claudia.jpg 603w\" sizes=\"auto, (max-width: 151px) 100vw, 151px\" \/><em>Suntem \u00eenc\u00e2nta\u021bi s\u0103 salut\u0103m <strong data-start=\"544\" data-end=\"576\">Claudia Giulia Cantele Silva<\/strong> ca noul nostru director administrativ \u0219i financiar. <\/em><\/h5>\n<h5><em>De la biroul nostru din Bruxelles, ea va ajuta la consolidarea proceselor noastre interne \u0219i va contribui la gestionarea \u0219i coordonarea eficient\u0103 a activit\u0103\u021bilor \u00een cadrul organiza\u021biei.<\/em><\/h5>\n<h5><\/h5>\n<p>&nbsp;<\/p>\n<p>&nbsp;<\/p>\n<p><strong>A\u021bi putea s\u0103 v\u0103 prezenta\u021bi pe scurt \u0219i s\u0103 ne vorbi\u021bi despre experien\u021ba dumneavoastr\u0103 profesional\u0103 \u00eenainte de a v\u0103 al\u0103tura echipei LIFE?<\/strong><\/p>\n<p>Sunt un profesionist \u00een domeniul finan\u021belor, cu peste 15 ani de experien\u021b\u0103 \u00een diferite domenii ale finan\u021belor, de la contabilitate \u0219i fiscalitate la bugetare \u0219i previziune. Am o experien\u021b\u0103 interna\u021bional\u0103, lucr\u00e2nd \u00een Brazilia - de unde sunt originar\u0103 - \u00een Fran\u021ba, \u00een Ungaria \u0219i acum \u00een Belgia. De\u0219i am lucrat \u00een diverse industrii, ultima mea experien\u021b\u0103 a fost \u00een domeniul bancar, unde am condus o echip\u0103 de consilieri financiari pentru clien\u021bii Wholesale Banking. Locuiesc \u00een Antwerp, la aproximativ dou\u0103 ore de biroul nostru din Bruxelles. Sunt c\u0103s\u0103torit\u0103, f\u0103r\u0103 copii (dar cu multe plante), iar cititul este unul dintre lucrurile mele preferate din lume. Fratele meu mai mare este pescar \u00een Alaska, iar unele dintre cele mai frumoase amintiri ale copil\u0103riei mele sunt cu el \u00een vizit\u0103 \u0219i \u00eemp\u0103rt\u0103\u0219ind fotografii cu via\u021ba pe mare.<\/p>\n<p><strong>Cum v\u0103 ajut\u0103 experien\u021ba dumneavoastr\u0103 anterioar\u0103 \u00een sectorul corporativ \u00een activitatea dumneavoastr\u0103 la LIFE?<\/strong><\/p>\n<p><span style=\"font-weight: 400;\">Cred c\u0103 sectorul corporativ mi-a permis s\u0103 fiu expus mai multor strategii \u0219i instrumente diferite pentru gestionarea eficient\u0103 a resurselor \u0219i cre\u0219terea eficien\u021bei, pe care inten\u021bionez s\u0103 le pun \u00een practic\u0103 la LIFE, pentru a facilita procesele interne, dar \u0219i pentru a oferi sprijin re\u021belei noastre de pescari atunci c\u00e2nd ace\u0219tia au nevoie de expertiz\u0103 \u0219i consiliere financiar\u0103. Un alt obiectiv este de a sprijini LIFE \u00een realizarea strategiei sale de asigurare a finan\u021b\u0103rii pe termen lung, lucru pe care l-am realizat cu succes \u00een experien\u021bele anterioare.<\/span><\/p>\n<p><strong>De c\u00e2nd v-a\u021bi al\u0103turat echipei LIFE, care a fost cel mai interesant sau surprinz\u0103tor aspect al colabor\u0103rii cu sectorul pescuitului la scar\u0103 mic\u0103?<\/strong><\/p>\n<p><span style=\"font-weight: 400;\">Cu siguran\u021b\u0103, aspectul care m-a surprins cel mai mult a fost s\u0103 aflu c\u0103 pescarii la scar\u0103 mic\u0103 reprezint\u0103 de fapt cea mai mare parte a flotei \u0219i a for\u021bei de munc\u0103 din sectorul pescuitului, ceea ce face s\u0103 fie izbitor s\u0103 v\u0103d c\u00e2t de slab reprezenta\u021bi sunt \u00eenc\u0103 \u00een procesul decizional la nivelul UE. De asemenea, este surprinz\u0103tor s\u0103 \u00een\u021belegem c\u00e2t de integrat \u0219i conectat este sectorul pescuitului la scar\u0103 mic\u0103 cu \u00eentregul sistem alimentar \u0219i c\u00e2t de semnificativ este impactul pe care \u00eel pot avea atunci c\u00e2nd sunt implica\u021bi \u00een mod corespunz\u0103tor \u00een elaborarea politicilor.<\/span><\/p>\n<p><strong>Ce mesaj a\u021bi dori s\u0103 transmite\u021bi re\u021belei LIFE de pescari \u0219i parteneri din \u00eentreaga Europ\u0103?<\/strong><\/p>\n<p><span style=\"font-weight: 400;\">Un mesaj pe care a\u0219 dori s\u0103 \u00eel \u00eemp\u0103rt\u0103\u0219esc este c\u0103 apreciez foarte mult colaborarea, deschiderea \u0219i transparen\u021ba. A\u0219adar, v\u0103 rog s\u0103 nu ezita\u021bi s\u0103 m\u0103 contacta\u021bi \u00een orice moment cu sugestii, idei, preocup\u0103ri sau feedback. Sunt \u00eentotdeauna gata s\u0103 ascult cu inten\u021bie \u0219i s\u0103 lucrez pentru a face parteneriatul nostru semnificativ \u0219i valoros pentru to\u021bi cei implica\u021bi. \u00cen calitate de responsabil administrativ \u0219i financiar, misiunea mea, \u00eempreun\u0103 cu \u00eentregul personal LIFE, este s\u0103 m\u0103 asigur c\u0103 to\u021bi membrii re\u021belei noastre \u0219i partenerii din \u00eentreaga Europ\u0103 se simt aprecia\u021bi \u0219i \u00eencrez\u0103tori c\u0103 resursele lor sunt utilizate acolo unde vor avea cel mai mare impact, asigur\u00e2nd un viitor mai durabil pentru to\u021bi.<\/span><\/p>","protected":false},"excerpt":{"rendered":"<p>Suntem \u00eenc\u00e2nta\u021bi s\u0103 \u00eei ur\u0103m bun venit Claudiei Giulia Cantele Silva \u00een calitate de noul nostru responsabil administrativ \u0219i financiar. De la biroul nostru din Bruxelles, ea va ajuta la consolidarea proceselor noastre interne \u0219i va contribui la gestionarea \u0219i coordonarea eficient\u0103 a activit\u0103\u021bilor \u00een cadrul organiza\u021biei.     A\u021bi putea s\u0103 v\u0103 prezenta\u021bi pe scurt \u0219i s\u0103 ne vorbi\u021bi despre experien\u021ba dumneavoastr\u0103 profesional\u0103 \u00eenainte de [...]<\/p>","protected":false},"author":2,"featured_media":22330,"comment_status":"closed","ping_status":"closed","sticky":false,"template":"","format":"standard","meta":{"give_campaign_id":0,"footnotes":""},"categories":[4],"tags":[1539,1574],"class_list":["post-22328","post","type-post","status-publish","format-standard","has-post-thumbnail","hentry","category-news","tag-admin","tag-team","has-post-title","has-post-date","has-post-category","has-post-tag","has-post-comment","has-post-author",""],"yoast_head":"<!-- This site is optimized with the Yoast SEO plugin v26.6 - https:\/\/yoast.com\/wordpress\/plugins\/seo\/ -->\n<title>Strengthening Our Team: Meet Our New Admin &amp; Financial Officer - Life Platform<\/title>\n<meta name=\"robots\" content=\"index, follow, max-snippet:-1, max-image-preview:large, max-video-preview:-1\" \/>\n<link rel=\"canonical\" href=\"https:\/\/lifeplatform.eu\/ro\/strengthening-our-team-meet-our-new-admin-financial-officer\/\" \/>\n<meta property=\"og:locale\" content=\"ro_RO\" \/>\n<meta property=\"og:type\" content=\"article\" \/>\n<meta property=\"og:title\" content=\"Strengthening Our Team: Meet Our New Admin &amp; Financial Officer - Life Platform\" \/>\n<meta property=\"og:description\" content=\"We are delighted to welcome Claudia Giulia Cantele Silva as our new Administrative and Financial Officer. From our Brussels office, she will help strengthen our internal processes and contribute to the efficient management and coordination of activities across the organisation. &nbsp; &nbsp; Could you briefly introduce yourself and tell us about your professional background before [&hellip;]\" \/>\n<meta property=\"og:url\" content=\"https:\/\/lifeplatform.eu\/ro\/strengthening-our-team-meet-our-new-admin-financial-officer\/\" \/>\n<meta property=\"og:site_name\" content=\"Life Platform\" \/>\n<meta property=\"article:publisher\" content=\"https:\/\/www.facebook.com\/Low-Impact-Fishers-of-Europe-166393173503352\/?ref=hl\" \/>\n<meta property=\"article:published_time\" content=\"2026-03-11T09:44:47+00:00\" \/>\n<meta property=\"og:image\" content=\"https:\/\/lifeplatform.eu\/wp-content\/uploads\/2026\/03\/clker-free-vector-images-people-297819_1920.png\" \/>\n\t<meta property=\"og:image:width\" content=\"1920\" \/>\n\t<meta property=\"og:image:height\" content=\"1638\" \/>\n\t<meta property=\"og:image:type\" content=\"image\/png\" \/>\n<meta name=\"author\" content=\"LIFE Platform\" \/>\n<meta name=\"twitter:card\" content=\"summary_large_image\" \/>\n<meta name=\"twitter:creator\" content=\"@LIFEplatformEU\" \/>\n<meta name=\"twitter:site\" content=\"@LIFEplatformEU\" \/>\n<meta name=\"twitter:label1\" content=\"Scris de\" \/>\n\t<meta name=\"twitter:data1\" content=\"LIFE Platform\" \/>\n\t<meta name=\"twitter:label2\" content=\"Timp estimat pentru citire\" \/>\n\t<meta name=\"twitter:data2\" content=\"3 minutes\" \/>\n<script type=\"application\/ld+json\" class=\"yoast-schema-graph\">{\"@context\":\"https:\/\/schema.org\",\"@graph\":[{\"@type\":\"WebPage\",\"@id\":\"https:\/\/lifeplatform.eu\/strengthening-our-team-meet-our-new-admin-financial-officer\/\",\"url\":\"https:\/\/lifeplatform.eu\/strengthening-our-team-meet-our-new-admin-financial-officer\/\",\"name\":\"Strengthening Our Team: Meet Our New Admin & Financial Officer - Life Platform\",\"isPartOf\":{\"@id\":\"https:\/\/lifeplatform.eu\/ro\/#website\"},\"primaryImageOfPage\":{\"@id\":\"https:\/\/lifeplatform.eu\/strengthening-our-team-meet-our-new-admin-financial-officer\/#primaryimage\"},\"image\":{\"@id\":\"https:\/\/lifeplatform.eu\/strengthening-our-team-meet-our-new-admin-financial-officer\/#primaryimage\"},\"thumbnailUrl\":\"https:\/\/lifeplatform.eu\/wp-content\/uploads\/2026\/03\/clker-free-vector-images-people-297819_1920.png\",\"datePublished\":\"2026-03-11T09:44:47+00:00\",\"author\":{\"@id\":\"https:\/\/lifeplatform.eu\/ro\/#\/schema\/person\/08408243d2c0a0f8f8a0e490f873351c\"},\"breadcrumb\":{\"@id\":\"https:\/\/lifeplatform.eu\/strengthening-our-team-meet-our-new-admin-financial-officer\/#breadcrumb\"},\"inLanguage\":\"ro-RO\",\"potentialAction\":[{\"@type\":\"ReadAction\",\"target\":[\"https:\/\/lifeplatform.eu\/strengthening-our-team-meet-our-new-admin-financial-officer\/\"]}]},{\"@type\":\"ImageObject\",\"inLanguage\":\"ro-RO\",\"@id\":\"https:\/\/lifeplatform.eu\/strengthening-our-team-meet-our-new-admin-financial-officer\/#primaryimage\",\"url\":\"https:\/\/lifeplatform.eu\/wp-content\/uploads\/2026\/03\/clker-free-vector-images-people-297819_1920.png\",\"contentUrl\":\"https:\/\/lifeplatform.eu\/wp-content\/uploads\/2026\/03\/clker-free-vector-images-people-297819_1920.png\",\"width\":1920,\"height\":1638},{\"@type\":\"BreadcrumbList\",\"@id\":\"https:\/\/lifeplatform.eu\/strengthening-our-team-meet-our-new-admin-financial-officer\/#breadcrumb\",\"itemListElement\":[{\"@type\":\"ListItem\",\"position\":1,\"name\":\"Home\",\"item\":\"https:\/\/lifeplatform.eu\/\"},{\"@type\":\"ListItem\",\"position\":2,\"name\":\"Strengthening Our Team: Meet Our New Admin &#038; Financial Officer\"}]},{\"@type\":\"WebSite\",\"@id\":\"https:\/\/lifeplatform.eu\/ro\/#website\",\"url\":\"https:\/\/lifeplatform.eu\/ro\/\",\"name\":\"Life Platform\",\"description\":\"\",\"potentialAction\":[{\"@type\":\"SearchAction\",\"target\":{\"@type\":\"EntryPoint\",\"urlTemplate\":\"https:\/\/lifeplatform.eu\/ro\/?s={search_term_string}\"},\"query-input\":{\"@type\":\"PropertyValueSpecification\",\"valueRequired\":true,\"valueName\":\"search_term_string\"}}],\"inLanguage\":\"ro-RO\"},{\"@type\":\"Person\",\"@id\":\"https:\/\/lifeplatform.eu\/ro\/#\/schema\/person\/08408243d2c0a0f8f8a0e490f873351c\",\"name\":\"LIFE Platform\",\"image\":{\"@type\":\"ImageObject\",\"inLanguage\":\"ro-RO\",\"@id\":\"https:\/\/lifeplatform.eu\/ro\/#\/schema\/person\/image\/\",\"url\":\"https:\/\/secure.gravatar.com\/avatar\/6ca31bdd062853151bd502f8094814ad24e1606702561c4c2e605059ca8fd994?s=96&d=mm&r=g\",\"contentUrl\":\"https:\/\/secure.gravatar.com\/avatar\/6ca31bdd062853151bd502f8094814ad24e1606702561c4c2e605059ca8fd994?s=96&d=mm&r=g\",\"caption\":\"LIFE Platform\"},\"url\":\"https:\/\/lifeplatform.eu\/ro\/author\/claudia2015\/\"}]}<\/script>\n<!-- \/ Yoast SEO plugin. -->","yoast_head_json":{"title":"Strengthening Our Team: Meet Our New Admin & Financial Officer - Life Platform","robots":{"index":"index","follow":"follow","max-snippet":"max-snippet:-1","max-image-preview":"max-image-preview:large","max-video-preview":"max-video-preview:-1"},"canonical":"https:\/\/lifeplatform.eu\/ro\/strengthening-our-team-meet-our-new-admin-financial-officer\/","og_locale":"ro_RO","og_type":"article","og_title":"Strengthening Our Team: Meet Our New Admin & Financial Officer - Life Platform","og_description":"We are delighted to welcome Claudia Giulia Cantele Silva as our new Administrative and Financial Officer. From our Brussels office, she will help strengthen our internal processes and contribute to the efficient management and coordination of activities across the organisation. &nbsp; &nbsp; Could you briefly introduce yourself and tell us about your professional background before [&hellip;]","og_url":"https:\/\/lifeplatform.eu\/ro\/strengthening-our-team-meet-our-new-admin-financial-officer\/","og_site_name":"Life Platform","article_publisher":"https:\/\/www.facebook.com\/Low-Impact-Fishers-of-Europe-166393173503352\/?ref=hl","article_published_time":"2026-03-11T09:44:47+00:00","og_image":[{"width":1920,"height":1638,"url":"https:\/\/lifeplatform.eu\/wp-content\/uploads\/2026\/03\/clker-free-vector-images-people-297819_1920.png","type":"image\/png"}],"author":"LIFE Platform","twitter_card":"summary_large_image","twitter_creator":"@LIFEplatformEU","twitter_site":"@LIFEplatformEU","twitter_misc":{"Scris de":"LIFE Platform","Timp estimat pentru citire":"3 minutes"},"schema":{"@context":"https:\/\/schema.org","@graph":[{"@type":"WebPage","@id":"https:\/\/lifeplatform.eu\/strengthening-our-team-meet-our-new-admin-financial-officer\/","url":"https:\/\/lifeplatform.eu\/strengthening-our-team-meet-our-new-admin-financial-officer\/","name":"Strengthening Our Team: Meet Our New Admin & Financial Officer - Life Platform","isPartOf":{"@id":"https:\/\/lifeplatform.eu\/ro\/#website"},"primaryImageOfPage":{"@id":"https:\/\/lifeplatform.eu\/strengthening-our-team-meet-our-new-admin-financial-officer\/#primaryimage"},"image":{"@id":"https:\/\/lifeplatform.eu\/strengthening-our-team-meet-our-new-admin-financial-officer\/#primaryimage"},"thumbnailUrl":"https:\/\/lifeplatform.eu\/wp-content\/uploads\/2026\/03\/clker-free-vector-images-people-297819_1920.png","datePublished":"2026-03-11T09:44:47+00:00","author":{"@id":"https:\/\/lifeplatform.eu\/ro\/#\/schema\/person\/08408243d2c0a0f8f8a0e490f873351c"},"breadcrumb":{"@id":"https:\/\/lifeplatform.eu\/strengthening-our-team-meet-our-new-admin-financial-officer\/#breadcrumb"},"inLanguage":"ro-RO","potentialAction":[{"@type":"ReadAction","target":["https:\/\/lifeplatform.eu\/strengthening-our-team-meet-our-new-admin-financial-officer\/"]}]},{"@type":"ImageObject","inLanguage":"ro-RO","@id":"https:\/\/lifeplatform.eu\/strengthening-our-team-meet-our-new-admin-financial-officer\/#primaryimage","url":"https:\/\/lifeplatform.eu\/wp-content\/uploads\/2026\/03\/clker-free-vector-images-people-297819_1920.png","contentUrl":"https:\/\/lifeplatform.eu\/wp-content\/uploads\/2026\/03\/clker-free-vector-images-people-297819_1920.png","width":1920,"height":1638},{"@type":"BreadcrumbList","@id":"https:\/\/lifeplatform.eu\/strengthening-our-team-meet-our-new-admin-financial-officer\/#breadcrumb","itemListElement":[{"@type":"ListItem","position":1,"name":"Home","item":"https:\/\/lifeplatform.eu\/"},{"@type":"ListItem","position":2,"name":"Strengthening Our Team: Meet Our New Admin &#038; Financial Officer"}]},{"@type":"WebSite","@id":"https:\/\/lifeplatform.eu\/ro\/#website","url":"https:\/\/lifeplatform.eu\/ro\/","name":"Platforma de via\u021b\u0103","description":"","potentialAction":[{"@type":"SearchAction","target":{"@type":"EntryPoint","urlTemplate":"https:\/\/lifeplatform.eu\/ro\/?s={search_term_string}"},"query-input":{"@type":"PropertyValueSpecification","valueRequired":true,"valueName":"search_term_string"}}],"inLanguage":"ro-RO"},{"@type":"Person","@id":"https:\/\/lifeplatform.eu\/ro\/#\/schema\/person\/08408243d2c0a0f8f8a0e490f873351c","name":"Platforma LIFE","image":{"@type":"ImageObject","inLanguage":"ro-RO","@id":"https:\/\/lifeplatform.eu\/ro\/#\/schema\/person\/image\/","url":"https:\/\/secure.gravatar.com\/avatar\/6ca31bdd062853151bd502f8094814ad24e1606702561c4c2e605059ca8fd994?s=96&d=mm&r=g","contentUrl":"https:\/\/secure.gravatar.com\/avatar\/6ca31bdd062853151bd502f8094814ad24e1606702561c4c2e605059ca8fd994?s=96&d=mm&r=g","caption":"LIFE Platform"},"url":"https:\/\/lifeplatform.eu\/ro\/author\/claudia2015\/"}]}},"_links":{"self":[{"href":"https:\/\/lifeplatform.eu\/ro\/wp-json\/wp\/v2\/posts\/22328","targetHints":{"allow":["GET"]}}],"collection":[{"href":"https:\/\/lifeplatform.eu\/ro\/wp-json\/wp\/v2\/posts"}],"about":[{"href":"https:\/\/lifeplatform.eu\/ro\/wp-json\/wp\/v2\/types\/post"}],"author":[{"embeddable":true,"href":"https:\/\/lifeplatform.eu\/ro\/wp-json\/wp\/v2\/users\/2"}],"replies":[{"embeddable":true,"href":"https:\/\/lifeplatform.eu\/ro\/wp-json\/wp\/v2\/comments?post=22328"}],"version-history":[{"count":6,"href":"https:\/\/lifeplatform.eu\/ro\/wp-json\/wp\/v2\/posts\/22328\/revisions"}],"predecessor-version":[{"id":22335,"href":"https:\/\/lifeplatform.eu\/ro\/wp-json\/wp\/v2\/posts\/22328\/revisions\/22335"}],"wp:featuredmedia":[{"embeddable":true,"href":"https:\/\/lifeplatform.eu\/ro\/wp-json\/wp\/v2\/media\/22330"}],"wp:attachment":[{"href":"https:\/\/lifeplatform.eu\/ro\/wp-json\/wp\/v2\/media?parent=22328"}],"wp:term":[{"taxonomy":"category","embeddable":true,"href":"https:\/\/lifeplatform.eu\/ro\/wp-json\/wp\/v2\/categories?post=22328"},{"taxonomy":"post_tag","embeddable":true,"href":"https:\/\/lifeplatform.eu\/ro\/wp-json\/wp\/v2\/tags?post=22328"}],"curies":[{"name":"wp","href":"https:\/\/api.w.org\/{rel}","templated":true}]}}