{"id":17704,"date":"2020-09-10T12:02:03","date_gmt":"2020-09-10T12:02:03","guid":{"rendered":"https:\/\/lifeplatform.eu\/?p=17704"},"modified":"2020-09-10T12:12:33","modified_gmt":"2020-09-10T12:12:33","slug":"promoting-sustainable-fishing-in-the-balearic-islands-anna-masdeu-lalanza-joins-team-life-to-manage-this-new-initiative","status":"publish","type":"post","link":"https:\/\/lifeplatform.eu\/pl\/promoting-sustainable-fishing-in-the-balearic-islands-anna-masdeu-lalanza-joins-team-life-to-manage-this-new-initiative\/","title":{"rendered":"Promowanie zr\u00f3wnowa\u017conego rybo\u0142\u00f3wstwa na Balearach: Anna Masdeu Lalanza do\u0142\u0105cza do zespo\u0142u LIFE, aby kierowa\u0107 t\u0105 now\u0105 inicjatyw\u0105."},"content":{"rendered":"<h2><img loading=\"lazy\" decoding=\"async\" class=\"size-full wp-image-17705 aligncenter\" src=\"https:\/\/lifeplatform.eu\/wp-content\/uploads\/2020\/09\/foto-Anna-Masdeu.jpg\" alt=\"\" width=\"558\" height=\"576\" srcset=\"https:\/\/lifeplatform.eu\/wp-content\/uploads\/2020\/09\/foto-Anna-Masdeu.jpg 558w, https:\/\/lifeplatform.eu\/wp-content\/uploads\/2020\/09\/foto-Anna-Masdeu-291x300.jpg 291w, https:\/\/lifeplatform.eu\/wp-content\/uploads\/2020\/09\/foto-Anna-Masdeu-47x48.jpg 47w, https:\/\/lifeplatform.eu\/wp-content\/uploads\/2020\/09\/foto-Anna-Masdeu-193x200.jpg 193w\" sizes=\"auto, (max-width: 558px) 100vw, 558px\" \/><\/h2>\n<h2>Promowanie zr\u00f3wnowa\u017conego rybo\u0142\u00f3wstwa na Balearach: Anna Masdeu Lalanza do\u0142\u0105cza do zespo\u0142u LIFE, aby kierowa\u0107 t\u0105 now\u0105 inicjatyw\u0105.<\/h2>\n<p>Organizacja Low Impact Fishers of Europe po\u0142\u0105czy\u0142a si\u0142y z Fundacj\u0105 Marilles (https:\/\/marilles.org\/en) w celu uruchomienia nowej inicjatywy, \"Programu Zr\u00f3wnowa\u017conego Rybo\u0142\u00f3wstwa\" na Balearach. Ma ona na celu wykorzystanie wieloletniego do\u015bwiadczenia rybak\u00f3w ma\u0142oskalowych w celu rozwoju zr\u00f3wnowa\u017conego rybo\u0142\u00f3wstwa na wyspach. Jest to nowe przedsi\u0119wzi\u0119cie LIFE, kt\u00f3re obejmie wsp\u00f3\u0142prac\u0119 ze spo\u0142eczno\u015bciami rybackimi i stowarzyszeniami rybak\u00f3w na poziomie oddolnym.<\/p>\n<p>Anna Masdeu Lalanza do\u0142\u0105czy\u0142a do Team LIFE 1 wrze\u015bnia, obejmuj\u0105c nowe stanowisko Oficera Projektu w Programie Zr\u00f3wnowa\u017conego Rybo\u0142\u00f3wstwa. B\u0119dzie odpowiedzialna za rozw\u00f3j programu pracy ze spo\u0142eczno\u015bciami rybackimi i stowarzyszeniami rybak\u00f3w.<\/p>\n<p>Anna jest do\u015bwiadczonym mened\u017cerem, pracuj\u0105cym zar\u00f3wno w handlu, jak i w zarz\u0105dzaniu projektami rybackimi. Do niedawna by\u0142a kierownikiem Lokalnej Grupy Rybackiej Costa Brava (FLAG).<\/p>\n<p><span style=\"color: #0000ff;\"><strong>Anna, witamy w LIFE! Jak dowiedzia\u0142a\u015b si\u0119 o tym stanowisku i czy przed z\u0142o\u017ceniem aplikacji wiedzia\u0142a\u015b o LIFE i jakie s\u0105 Twoje wra\u017cenia na temat organizacji?<\/strong><\/span><\/p>\n<p>Dzi\u0119kuj\u0119 bardzo. To dla mnie przyjemno\u015b\u0107 by\u0107 cz\u0119\u015bci\u0105 waszej organizacji i jest to szansa zawodowa, w kt\u00f3rej mam nadziej\u0119, \u017ce b\u0119d\u0119 w stanie wnie\u015b\u0107 wszystko, co wiem, a tak\u017ce uczy\u0107 si\u0119 z waszego do\u015bwiadczenia.<\/p>\n<p>Po raz pierwszy us\u0142ysza\u0142em nazw\u0119 LIFE pod koniec 2017 r., kiedy rozmawia\u0142em z kilkoma m\u0142odymi rybakami z Costa Brava, kt\u00f3rzy tworzyli stowarzyszenie za rad\u0105 LIFE. W tym czasie by\u0142em kierownikiem Lokalnej Grupy Rybackiej Costa Brava w Katalonii i jednym z moich zada\u0144 by\u0142o poznanie sytuacji rybo\u0142\u00f3wstwa na tym obszarze poprzez rozmowy ze wszystkimi podmiotami. Od tego czasu wiem, \u017ce LIFE, poprzez Mart\u0119 Cavall\u00e9, koordynatork\u0119 Programu \u015ar\u00f3dziemnomorskiego LIFE, uczestniczy\u0142o i nadal uczestniczy w Komitecie Wsp\u00f3\u0142zarz\u0105dzaj\u0105cym Zatoki Roses i M\u0105twy Pals, kt\u00f3ry rozpocz\u0105\u0142 dzia\u0142alno\u015b\u0107 w 2018 r. na obszarze Costa Brava, zatwierdzaj\u0105c plan zarz\u0105dzania, kt\u00f3ry zosta\u0142 uzgodniony w lutym tego roku.<\/p>\n<p>LIFE jest platform\u0105, kt\u00f3ra pozwala, aby g\u0142os rybak\u00f3w ma\u0142oskalowych by\u0142 s\u0142yszalny na wy\u017cszym poziomie we wsp\u00f3\u0142pracy z innymi organizacjami rybackimi, takimi jak Cofradias i\/lub Federacje. Skoordynowane uczestnictwo wszystkich mo\u017cliwych podmiot\u00f3w jest konieczne, aby lepiej broni\u0107 roli rybaka, poniewa\u017c w nadchodz\u0105cych latach czeka nas wiele wyzwa\u0144.<\/p>\n<p><span style=\"color: #0000ff;\"><strong>Przez ostatnie 3 lata by\u0142e\u015b mened\u017cerem FLAG Costa Brava. Dzi\u0119ki temu mia\u0142e\u015b bliski kontakt z rybakami i ich problemami. Jakie s\u0105 Pana zdaniem najwi\u0119ksze wyzwania stoj\u0105ce przed rybakami ma\u0142oskalowymi i jakie s\u0105 ich g\u0142\u00f3wne problemy zwi\u0105zane z wi\u0105zaniem ko\u0144ca z ko\u0144cem?<\/strong><\/span><\/p>\n<p>Og\u00f3lnie rzecz bior\u0105c, wszyscy rybacy na Morzu \u015ar\u00f3dziemnym stoj\u0105 przed wielkim wyzwaniem, jakim jest osi\u0105gni\u0119cie ZR\u00d3WNOWA\u017bONEGO RYBO\u0141\u00d3WSTWA. To wielkie wyzwanie wymaga systemowej i globalnej wizji tego, co rybo\u0142\u00f3wstwo oznacza dla ludzko\u015bci. Nie m\u00f3wimy tylko o wydobywaniu zasob\u00f3w ze \u015brodowiska morskiego w celu zaspokojenia potrzeb \u017cywno\u015bciowych ludno\u015bci, m\u00f3wimy o wielu wzajemnych powi\u0105zaniach spo\u0142eczno-kulturowych, gospodarczych i \u015brodowiskowych itp. Zr\u00f3wnowa\u017cone rybo\u0142\u00f3wstwo musi obejmowa\u0107 optymalne zarz\u0105dzanie zasobami rybnymi, rzeczywist\u0105 wiedz\u0119 na temat wk\u0142adu rybo\u0142\u00f3wstwa w lokaln\u0105 gospodark\u0119 na obszarach przybrze\u017cnych, zapewnienie rybakom godziwego \u017cycia, popraw\u0119 wizerunku rybak\u00f3w, zachowanie i rozpowszechnianie ich dziedzictwa kulturowego i przyrodniczego itp. Jak wi\u0119c wida\u0107, zr\u00f3wnowa\u017cony rozw\u00f3j musi by\u0107 realizowany na wielu frontach, z kt\u00f3rych wszystkie stanowi\u0105 wyzwanie.<\/p>\n<p>&nbsp;<\/p>\n<p><span style=\"color: #0000ff;\"><strong>Uzyskanie uczciwej oferty i bezpo\u015brednie dotarcie do konsument\u00f3w jest g\u0142\u00f3wnym wyzwaniem dla rybak\u00f3w ma\u0142oskalowych. W jaki spos\u00f3b ten projekt pomo\u017ce rybakom osi\u0105gn\u0105\u0107 te cele?<\/strong><\/span><\/p>\n<p>Uzyskanie uczciwej ceny za \u015bwie\u017c\u0105 ryb\u0119 jest poza naszymi mo\u017cliwo\u015bciami. Rynek rybny jest bardzo \u017car\u0142oczny i niestety ma bezpo\u015bredni wp\u0142yw na wszystkich rybak\u00f3w w basenie Morza \u015ar\u00f3dziemnego. Nie mog\u0105 oni i nie powinni konkurowa\u0107 cen\u0105 z rybami z innych miejsc, ale mog\u0105 wyr\u00f3\u017cni\u0107 sw\u00f3j produkt pod wzgl\u0119dem jako\u015bci. Jest to praca, kt\u00f3r\u0105 wykonuj\u0105 stowarzyszenia rybak\u00f3w w ca\u0142ym regionie Morza \u015ar\u00f3dziemnego, pr\u00f3buj\u0105c odr\u00f3\u017cni\u0107 siebie i swoje produkty od reszty pod wzgl\u0119dem jako\u015bci. Jako\u015b\u0107 oznacza robienie rzeczy lepiej ni\u017c oczekuje konsument, a w przypadku \u015bwie\u017cych ryb oznacza to osi\u0105gni\u0119cie optymalnego zarz\u0105dzania rybo\u0142\u00f3wstwem, a tak\u017ce skrupulatn\u0105 dba\u0142o\u015b\u0107 o produkt i marketing w kr\u00f3tkim \u0142a\u0144cuchu (lub bezpo\u015bredni). Dzieje si\u0119 tak, poniewa\u017c konsument, kt\u00f3ry jest sk\u0142onny uczciwie zap\u0142aci\u0107, chce, aby produkt rybny by\u0142 zr\u00f3wnowa\u017cony, \u015bwie\u017cy, lokalny i sezonowy. To musi by\u0107 nasz konsument, konsument, kt\u00f3ry jest zaanga\u017cowany w zr\u00f3wnowa\u017cony rozw\u00f3j.<\/p>\n<p>&nbsp;<\/p>\n<p><span style=\"color: #0000ff;\"><strong>Kolejnym wa\u017cnym aspektem projektu jest wsp\u00f3\u0142zarz\u0105dzanie. Jakie s\u0105 Twoim zdaniem kluczowe czynniki skutecznego wsp\u00f3\u0142zarz\u0105dzania?<\/strong><\/span><\/p>\n<p>Wsp\u00f3\u0142zarz\u0105dzanie to model zarz\u0105dzania, kt\u00f3ry obejmuje zgromadzenie wszystkich podmiot\u00f3w przy jednym stole w celu rozwi\u0105zania konkretnej sytuacji. W jego sk\u0142ad wchodz\u0105 zazwyczaj rybacy, administracja, naukowcy i organizacje pozarz\u0105dowe. Wszyscy oni maj\u0105 swoje interesy i problemy. Celem jest mediacja konflikt\u00f3w i obrona interes\u00f3w w celu osi\u0105gni\u0119cia konsensusu. Kluczowymi czynnikami s\u0105 wys\u0142uchanie i zrozumienie wszystkich stron oraz pr\u00f3ba nak\u0142onienia ich do wsp\u00f3\u0142pracy i kompromisu w celu osi\u0105gni\u0119cia wsp\u00f3lnego celu. Jest to model zarz\u0105dzania, kt\u00f3ry mamy nadziej\u0119 pom\u00f3c ustanowi\u0107 i wzmocni\u0107 w nadchodz\u0105cych latach na Balearach.<\/p>\n<p>&nbsp;<\/p>\n<p><span style=\"color: #0000ff;\"><strong>M\u00f3wi si\u0119, \u017ce rybo\u0142\u00f3wstwo to m\u0119ski \u015bwiat. Co przyci\u0105gn\u0119\u0142o Ci\u0119 do rybo\u0142\u00f3wstwa i jak jako kobieta pracuj\u0105ca w rybo\u0142\u00f3wstwie postrzegasz rol\u0119 kobiet w tym sektorze?<\/strong><\/span><\/p>\n<p>Od kilku lat r\u00f3\u017cne dzia\u0142ania uwidaczniaj\u0105 kobiety, kt\u00f3re zawsze by\u0142y cz\u0119\u015bci\u0105 tego sektora, ale kt\u00f3rych rola nie by\u0142a uznawana. Prawd\u0105 jest, \u017ce wi\u0119kszo\u015b\u0107 tych, kt\u00f3rzy wyp\u0142ywaj\u0105 na po\u0142owy, to m\u0119\u017cczy\u017ani, ze wzgl\u0119du na surowo\u015b\u0107 pracy, role i dynamik\u0119 ustalon\u0105 od czas\u00f3w staro\u017cytnych, kt\u00f3r\u0105 trudno zmieni\u0107. Sektor rybo\u0142\u00f3wstwa w p\u00f3\u0142nocno-zachodniej cz\u0119\u015bci Morza \u015ar\u00f3dziemnego sk\u0142ada si\u0119 z rodzinnych mikroprzedsi\u0119biorstw, w kt\u00f3rych kobiety s\u0105 zazwyczaj cz\u0119\u015bci\u0105 firmy i s\u0105 zaanga\u017cowane w zadania administracyjne i handlowe. Dokonuj\u0119 wielu uog\u00f3lnie\u0144, poniewa\u017c ka\u017cdy obszar ma swoje w\u0142asne idiosynkrazje i w zale\u017cno\u015bci od ewolucji rodzinnego biznesu, \u017cona i dzieci rybak\u00f3w kontynuuj\u0105 rodzinny biznes lub nie.<\/p>\n<p>W moim przypadku nie mam bezpo\u015bredniego pochodzenia z rybo\u0142\u00f3wstwa, ale mog\u0119 wyja\u015bni\u0107 przypadek mojego pradziadka, kt\u00f3ry by\u0142 rybakiem z Nerja (Malaga), kt\u00f3ry mia\u0142 6 c\u00f3rek (jedn\u0105 z nich by\u0142a moja babcia ze strony matki) i syna (najm\u0142odszego). Jego c\u00f3rki nie mia\u0142y przysz\u0142o\u015bci w rybo\u0142\u00f3wstwie, wi\u0119c postanowi\u0142y wyemigrowa\u0107 do Barcelony, aby nauczy\u0107 si\u0119 krawiectwa.<\/p>\n<p>M\u00f3j pierwszy kontakt z sektorem rybo\u0142\u00f3wstwa mia\u0142 miejsce w 2017 r., kiedy do\u0142\u0105czy\u0142em jako kierownik Lokalnej Grupy Rybackiej Costa Brava. Nie jestem ekspertem w zarz\u0105dzaniu rybo\u0142\u00f3wstwem, ale pochodz\u0119 z dziedziny lokalnego rozwoju gospodarczego opartego na sektorach podstawowych, takich jak rolnictwo i rybo\u0142\u00f3wstwo, oraz sektorach trzeciorz\u0119dnych, takich jak turystyka. Jestem kobiet\u0105 morza, mieszkam nad morzem, a mo\u017cliwo\u015b\u0107 poznania sektora rybo\u0142\u00f3wstwa w Katalonii, jak\u0105 mia\u0142am dzi\u0119ki pracy w FLAG Costa Brava, otworzy\u0142a przede mn\u0105 niesko\u0144czone mo\u017cliwo\u015bci nauki, pracy dla sektora i z sektorem. Niestety dobrze wiem, co to znaczy, gdy dzia\u0142alno\u015b\u0107 rybacka w gminie znika za jednym poci\u0105gni\u0119ciem pi\u00f3ra pod pretekstem post\u0119pu; je\u015bli nie wiesz, po prostu zapytaj rybak\u00f3w z Nerja (Malaga) i Calafell (Tarragona) - oni ci powiedz\u0105.<\/p>\n<p>&nbsp;<\/p>\n<p><span style=\"color: #0000ff;\"><strong>Co b\u0119dzie Twoim priorytetem po rozpocz\u0119ciu pracy?<\/strong><\/span><\/p>\n<p>Pierwsze tygodnie obejmuj\u0105 szczeg\u00f3\u0142owe zapoznanie si\u0119 z projektem wsp\u00f3\u0142pracy mi\u0119dzy LIFE a Fundacj\u0105 Marilles, w ramach kt\u00f3rego, po ocenie przeprowadzonej w 2019 r., zaproponowano ju\u017c pewne dzia\u0142ania kr\u00f3tko- i \u015brednioterminowe. Kolejne tygodnie b\u0119d\u0105 polega\u0142y na poznaniu wszystkich podmiot\u00f3w na Balearach, zw\u0142aszcza rybak\u00f3w i cech\u00f3w (Cofradias). Wiem o niekt\u00f3rych inicjatywach promowanych przez stowarzyszenia rybak\u00f3w z Ibizy, Sant Antoni i Formentery we wsp\u00f3\u0142pracy z Leader Action Group. Wiem o tym, poniewa\u017c po wizycie rybak\u00f3w z tych stowarzysze\u0144 na Costa Brava w 2018 r. nawi\u0105zali\u015bmy bliskie relacje.<\/p>\n<p>&nbsp;<\/p>\n<p><span style=\"color: #0000ff;\"><strong>W nadchodz\u0105cych latach rozw\u00f3j niebieskiej gospodarki prawdopodobnie zdominuje agend\u0119 polityczn\u0105 i legislacyjn\u0105 w regionie Morza \u015ar\u00f3dziemnego. Jakie szanse i zagro\u017cenia niesie ze sob\u0105 Niebieska Gospodarka dla sektora rybo\u0142\u00f3wstwa ma\u0142oskalowego?<\/strong><\/span><\/p>\n<p>Moim zdaniem niebieska gospodarka jest szans\u0105 dla obszar\u00f3w przybrze\u017cnych i wybrze\u017cy Morza \u015ar\u00f3dziemnego, aby przesta\u0142y koncentrowa\u0107 swoj\u0105 gospodark\u0119 na turystyce, tak jak robi\u0142y to od lat sze\u015b\u0107dziesi\u0105tych XX wieku. Turystyka jest niew\u0105tpliwie motorem gospodarczym, ale jest bardzo wra\u017cliwa na sytuacje, kt\u00f3re uniemo\u017cliwiaj\u0105 ludziom podr\u00f3\u017cowanie. Widzimy to teraz w zwi\u0105zku z pandemi\u0105, kt\u00f3ra nas dotyka, ale tak\u017ce przy poprzednich okazjach. Lokalna gospodarka gmin nadmorskich musi opiera\u0107 si\u0119 na niebieskiej gospodarce. Naszym zadaniem jest pokazanie, \u017ce w ramach niebieskiej gospodarki profesjonalne rybo\u0142\u00f3wstwo, kt\u00f3re obejmuje rybak\u00f3w ma\u0142oskalowych, odgrywa fundamentaln\u0105 rol\u0119 w regionie Morza \u015ar\u00f3dziemnego, \u017ce jest to prawdziwa szansa dla nowych pokole\u0144 i \u017ce chocia\u017c ich udzia\u0142 w gospodarce skali jest skromny, przyczynia si\u0119 do innych czynnik\u00f3w spo\u0142eczno-kulturowych i \u015brodowiskowych niezb\u0119dnych do wdro\u017cenia niebieskiej i\/lub zielonej gospodarki na wybrze\u017cu Morza \u015ar\u00f3dziemnego. Rybacy s\u0105 i zawsze b\u0119d\u0105 stra\u017cnikami morza.<\/p>\n<p>&nbsp;<\/p>\n<p>Wi\u0119cej informacji mo\u017cna uzyska\u0107 kontaktuj\u0105c si\u0119 z Brian O'Riordan, Sekretarz Wykonawczy LIFE, <a href=\"mailto:deputy@lifeplatform.eu\">deputy@lifeplatform.eu<\/a>.<\/p>\n<!--themify_builder_content-->\n<div id=\"themify_builder_content-17704\" data-postid=\"17704\" class=\"themify_builder_content themify_builder_content-17704 themify_builder tf_clear\">\n    <\/div>\n<!--\/themify_builder_content-->","protected":false},"excerpt":{"rendered":"<p>Promowanie zr\u00f3wnowa\u017conego rybo\u0142\u00f3wstwa na Balearach: Anna Masdeu Lalanza do\u0142\u0105cza do zespo\u0142u LIFE, aby zarz\u0105dza\u0107 t\u0105 now\u0105 inicjatyw\u0105. Organizacja Low Impact Fishers of Europe nawi\u0105za\u0142a wsp\u00f3\u0142prac\u0119 z Fundacj\u0105 Marilles (https:\/\/marilles.org\/en) w celu uruchomienia nowej inicjatywy - \"Programu Zr\u00f3wnowa\u017conego Rybo\u0142\u00f3wstwa\" na Balearach. Inicjatywa ta ma na celu wykorzystanie wieloletnich do\u015bwiadcze\u0144 [...]<\/p>","protected":false},"author":1,"featured_media":17705,"comment_status":"closed","ping_status":"closed","sticky":false,"template":"","format":"standard","meta":{"give_campaign_id":0,"footnotes":""},"categories":[4],"tags":[],"class_list":["post-17704","post","type-post","status-publish","format-standard","has-post-thumbnail","hentry","category-news","has-post-title","has-post-date","has-post-category","has-post-tag","has-post-comment","has-post-author",""],"yoast_head":"<!-- This site is optimized with the Yoast SEO plugin v26.6 - https:\/\/yoast.com\/wordpress\/plugins\/seo\/ -->\n<title>Promoting Sustainable Fishing in the Balearic Islands: Anna Masdeu Lalanza joins team LIFE to manage this new initiative. - Life Platform<\/title>\n<meta name=\"robots\" content=\"index, follow, max-snippet:-1, max-image-preview:large, max-video-preview:-1\" \/>\n<link rel=\"canonical\" href=\"https:\/\/lifeplatform.eu\/pl\/promoting-sustainable-fishing-in-the-balearic-islands-anna-masdeu-lalanza-joins-team-life-to-manage-this-new-initiative\/\" \/>\n<meta property=\"og:locale\" content=\"pl_PL\" \/>\n<meta property=\"og:type\" content=\"article\" \/>\n<meta property=\"og:title\" content=\"Promoting Sustainable Fishing in the Balearic Islands: Anna Masdeu Lalanza joins team LIFE to manage this new initiative. - Life Platform\" \/>\n<meta property=\"og:description\" content=\"Promoting Sustainable Fishing in the Balearic Islands: Anna Masdeu Lalanza joins team LIFE to manage this new initiative. The Low Impact Fishers of Europe has teamed up with the Marilles Foundation (https:\/\/marilles.org\/en) to launch a new initiative, the \u201cSustainable Fishing Programme\u201d in the Balearic Islands. This seeks to build on the many years of experience [&hellip;]\" \/>\n<meta property=\"og:url\" content=\"https:\/\/lifeplatform.eu\/pl\/promoting-sustainable-fishing-in-the-balearic-islands-anna-masdeu-lalanza-joins-team-life-to-manage-this-new-initiative\/\" \/>\n<meta property=\"og:site_name\" content=\"Life Platform\" \/>\n<meta property=\"article:publisher\" content=\"https:\/\/www.facebook.com\/Low-Impact-Fishers-of-Europe-166393173503352\/?ref=hl\" \/>\n<meta property=\"article:published_time\" content=\"2020-09-10T12:02:03+00:00\" \/>\n<meta property=\"article:modified_time\" content=\"2020-09-10T12:12:33+00:00\" \/>\n<meta property=\"og:image\" content=\"https:\/\/lifeplatform.eu\/wp-content\/uploads\/2020\/09\/foto-Anna-Masdeu.jpg\" \/>\n\t<meta property=\"og:image:width\" content=\"558\" \/>\n\t<meta property=\"og:image:height\" content=\"576\" \/>\n\t<meta property=\"og:image:type\" content=\"image\/jpeg\" \/>\n<meta name=\"author\" content=\"fen_06kv4t7j\" \/>\n<meta name=\"twitter:card\" content=\"summary_large_image\" \/>\n<meta name=\"twitter:creator\" content=\"@LIFEplatformEU\" \/>\n<meta name=\"twitter:site\" content=\"@LIFEplatformEU\" \/>\n<meta name=\"twitter:label1\" content=\"Napisane przez\" \/>\n\t<meta name=\"twitter:data1\" content=\"fen_06kv4t7j\" \/>\n\t<meta name=\"twitter:label2\" content=\"Szacowany czas czytania\" \/>\n\t<meta name=\"twitter:data2\" content=\"8 minut\" \/>\n<script type=\"application\/ld+json\" class=\"yoast-schema-graph\">{\"@context\":\"https:\/\/schema.org\",\"@graph\":[{\"@type\":\"WebPage\",\"@id\":\"https:\/\/lifeplatform.eu\/nl\/promoting-sustainable-fishing-in-the-balearic-islands-anna-masdeu-lalanza-joins-team-life-to-manage-this-new-initiative\/\",\"url\":\"https:\/\/lifeplatform.eu\/nl\/promoting-sustainable-fishing-in-the-balearic-islands-anna-masdeu-lalanza-joins-team-life-to-manage-this-new-initiative\/\",\"name\":\"Promoting Sustainable Fishing in the Balearic Islands: Anna Masdeu Lalanza joins team LIFE to manage this new initiative. - Life Platform\",\"isPartOf\":{\"@id\":\"https:\/\/lifeplatform.eu\/ro\/#website\"},\"primaryImageOfPage\":{\"@id\":\"https:\/\/lifeplatform.eu\/nl\/promoting-sustainable-fishing-in-the-balearic-islands-anna-masdeu-lalanza-joins-team-life-to-manage-this-new-initiative\/#primaryimage\"},\"image\":{\"@id\":\"https:\/\/lifeplatform.eu\/nl\/promoting-sustainable-fishing-in-the-balearic-islands-anna-masdeu-lalanza-joins-team-life-to-manage-this-new-initiative\/#primaryimage\"},\"thumbnailUrl\":\"https:\/\/lifeplatform.eu\/wp-content\/uploads\/2020\/09\/foto-Anna-Masdeu.jpg\",\"datePublished\":\"2020-09-10T12:02:03+00:00\",\"dateModified\":\"2020-09-10T12:12:33+00:00\",\"author\":{\"@id\":\"https:\/\/lifeplatform.eu\/ro\/#\/schema\/person\/8b43cfe18db4a602c03b3d8ad3b7099c\"},\"breadcrumb\":{\"@id\":\"https:\/\/lifeplatform.eu\/nl\/promoting-sustainable-fishing-in-the-balearic-islands-anna-masdeu-lalanza-joins-team-life-to-manage-this-new-initiative\/#breadcrumb\"},\"inLanguage\":\"pl-PL\",\"potentialAction\":[{\"@type\":\"ReadAction\",\"target\":[\"https:\/\/lifeplatform.eu\/nl\/promoting-sustainable-fishing-in-the-balearic-islands-anna-masdeu-lalanza-joins-team-life-to-manage-this-new-initiative\/\"]}]},{\"@type\":\"ImageObject\",\"inLanguage\":\"pl-PL\",\"@id\":\"https:\/\/lifeplatform.eu\/nl\/promoting-sustainable-fishing-in-the-balearic-islands-anna-masdeu-lalanza-joins-team-life-to-manage-this-new-initiative\/#primaryimage\",\"url\":\"https:\/\/lifeplatform.eu\/wp-content\/uploads\/2020\/09\/foto-Anna-Masdeu.jpg\",\"contentUrl\":\"https:\/\/lifeplatform.eu\/wp-content\/uploads\/2020\/09\/foto-Anna-Masdeu.jpg\",\"width\":558,\"height\":576},{\"@type\":\"BreadcrumbList\",\"@id\":\"https:\/\/lifeplatform.eu\/nl\/promoting-sustainable-fishing-in-the-balearic-islands-anna-masdeu-lalanza-joins-team-life-to-manage-this-new-initiative\/#breadcrumb\",\"itemListElement\":[{\"@type\":\"ListItem\",\"position\":1,\"name\":\"Home\",\"item\":\"https:\/\/lifeplatform.eu\/\"},{\"@type\":\"ListItem\",\"position\":2,\"name\":\"Promoting Sustainable Fishing in the Balearic Islands: Anna Masdeu Lalanza joins team LIFE to manage this new initiative.\"}]},{\"@type\":\"WebSite\",\"@id\":\"https:\/\/lifeplatform.eu\/ro\/#website\",\"url\":\"https:\/\/lifeplatform.eu\/ro\/\",\"name\":\"Life Platform\",\"description\":\"\",\"potentialAction\":[{\"@type\":\"SearchAction\",\"target\":{\"@type\":\"EntryPoint\",\"urlTemplate\":\"https:\/\/lifeplatform.eu\/ro\/?s={search_term_string}\"},\"query-input\":{\"@type\":\"PropertyValueSpecification\",\"valueRequired\":true,\"valueName\":\"search_term_string\"}}],\"inLanguage\":\"pl-PL\"},{\"@type\":\"Person\",\"@id\":\"https:\/\/lifeplatform.eu\/ro\/#\/schema\/person\/8b43cfe18db4a602c03b3d8ad3b7099c\",\"name\":\"fen_06kv4t7j\",\"image\":{\"@type\":\"ImageObject\",\"inLanguage\":\"pl-PL\",\"@id\":\"https:\/\/lifeplatform.eu\/ro\/#\/schema\/person\/image\/\",\"url\":\"https:\/\/secure.gravatar.com\/avatar\/0aa1adcef6cfddc832666227fe583fbf20559b32b35af547089ccca965011300?s=96&d=mm&r=g\",\"contentUrl\":\"https:\/\/secure.gravatar.com\/avatar\/0aa1adcef6cfddc832666227fe583fbf20559b32b35af547089ccca965011300?s=96&d=mm&r=g\",\"caption\":\"fen_06kv4t7j\"},\"url\":\"https:\/\/lifeplatform.eu\/pl\/author\/fen_06kv4t7j\/\"}]}<\/script>\n<!-- \/ Yoast SEO plugin. -->","yoast_head_json":{"title":"Promoting Sustainable Fishing in the Balearic Islands: Anna Masdeu Lalanza joins team LIFE to manage this new initiative. - Life Platform","robots":{"index":"index","follow":"follow","max-snippet":"max-snippet:-1","max-image-preview":"max-image-preview:large","max-video-preview":"max-video-preview:-1"},"canonical":"https:\/\/lifeplatform.eu\/pl\/promoting-sustainable-fishing-in-the-balearic-islands-anna-masdeu-lalanza-joins-team-life-to-manage-this-new-initiative\/","og_locale":"pl_PL","og_type":"article","og_title":"Promoting Sustainable Fishing in the Balearic Islands: Anna Masdeu Lalanza joins team LIFE to manage this new initiative. - Life Platform","og_description":"Promoting Sustainable Fishing in the Balearic Islands: Anna Masdeu Lalanza joins team LIFE to manage this new initiative. The Low Impact Fishers of Europe has teamed up with the Marilles Foundation (https:\/\/marilles.org\/en) to launch a new initiative, the \u201cSustainable Fishing Programme\u201d in the Balearic Islands. This seeks to build on the many years of experience [&hellip;]","og_url":"https:\/\/lifeplatform.eu\/pl\/promoting-sustainable-fishing-in-the-balearic-islands-anna-masdeu-lalanza-joins-team-life-to-manage-this-new-initiative\/","og_site_name":"Life Platform","article_publisher":"https:\/\/www.facebook.com\/Low-Impact-Fishers-of-Europe-166393173503352\/?ref=hl","article_published_time":"2020-09-10T12:02:03+00:00","article_modified_time":"2020-09-10T12:12:33+00:00","og_image":[{"width":558,"height":576,"url":"https:\/\/lifeplatform.eu\/wp-content\/uploads\/2020\/09\/foto-Anna-Masdeu.jpg","type":"image\/jpeg"}],"author":"fen_06kv4t7j","twitter_card":"summary_large_image","twitter_creator":"@LIFEplatformEU","twitter_site":"@LIFEplatformEU","twitter_misc":{"Napisane przez":"fen_06kv4t7j","Szacowany czas czytania":"8 minut"},"schema":{"@context":"https:\/\/schema.org","@graph":[{"@type":"WebPage","@id":"https:\/\/lifeplatform.eu\/nl\/promoting-sustainable-fishing-in-the-balearic-islands-anna-masdeu-lalanza-joins-team-life-to-manage-this-new-initiative\/","url":"https:\/\/lifeplatform.eu\/nl\/promoting-sustainable-fishing-in-the-balearic-islands-anna-masdeu-lalanza-joins-team-life-to-manage-this-new-initiative\/","name":"Promoting Sustainable Fishing in the Balearic Islands: Anna Masdeu Lalanza joins team LIFE to manage this new initiative. - Life Platform","isPartOf":{"@id":"https:\/\/lifeplatform.eu\/ro\/#website"},"primaryImageOfPage":{"@id":"https:\/\/lifeplatform.eu\/nl\/promoting-sustainable-fishing-in-the-balearic-islands-anna-masdeu-lalanza-joins-team-life-to-manage-this-new-initiative\/#primaryimage"},"image":{"@id":"https:\/\/lifeplatform.eu\/nl\/promoting-sustainable-fishing-in-the-balearic-islands-anna-masdeu-lalanza-joins-team-life-to-manage-this-new-initiative\/#primaryimage"},"thumbnailUrl":"https:\/\/lifeplatform.eu\/wp-content\/uploads\/2020\/09\/foto-Anna-Masdeu.jpg","datePublished":"2020-09-10T12:02:03+00:00","dateModified":"2020-09-10T12:12:33+00:00","author":{"@id":"https:\/\/lifeplatform.eu\/ro\/#\/schema\/person\/8b43cfe18db4a602c03b3d8ad3b7099c"},"breadcrumb":{"@id":"https:\/\/lifeplatform.eu\/nl\/promoting-sustainable-fishing-in-the-balearic-islands-anna-masdeu-lalanza-joins-team-life-to-manage-this-new-initiative\/#breadcrumb"},"inLanguage":"pl-PL","potentialAction":[{"@type":"ReadAction","target":["https:\/\/lifeplatform.eu\/nl\/promoting-sustainable-fishing-in-the-balearic-islands-anna-masdeu-lalanza-joins-team-life-to-manage-this-new-initiative\/"]}]},{"@type":"ImageObject","inLanguage":"pl-PL","@id":"https:\/\/lifeplatform.eu\/nl\/promoting-sustainable-fishing-in-the-balearic-islands-anna-masdeu-lalanza-joins-team-life-to-manage-this-new-initiative\/#primaryimage","url":"https:\/\/lifeplatform.eu\/wp-content\/uploads\/2020\/09\/foto-Anna-Masdeu.jpg","contentUrl":"https:\/\/lifeplatform.eu\/wp-content\/uploads\/2020\/09\/foto-Anna-Masdeu.jpg","width":558,"height":576},{"@type":"BreadcrumbList","@id":"https:\/\/lifeplatform.eu\/nl\/promoting-sustainable-fishing-in-the-balearic-islands-anna-masdeu-lalanza-joins-team-life-to-manage-this-new-initiative\/#breadcrumb","itemListElement":[{"@type":"ListItem","position":1,"name":"Home","item":"https:\/\/lifeplatform.eu\/"},{"@type":"ListItem","position":2,"name":"Promoting Sustainable Fishing in the Balearic Islands: Anna Masdeu Lalanza joins team LIFE to manage this new initiative."}]},{"@type":"WebSite","@id":"https:\/\/lifeplatform.eu\/ro\/#website","url":"https:\/\/lifeplatform.eu\/ro\/","name":"Platforma \u017cycia","description":"","potentialAction":[{"@type":"SearchAction","target":{"@type":"EntryPoint","urlTemplate":"https:\/\/lifeplatform.eu\/ro\/?s={search_term_string}"},"query-input":{"@type":"PropertyValueSpecification","valueRequired":true,"valueName":"search_term_string"}}],"inLanguage":"pl-PL"},{"@type":"Person","@id":"https:\/\/lifeplatform.eu\/ro\/#\/schema\/person\/8b43cfe18db4a602c03b3d8ad3b7099c","name":"fen_06kv4t7j","image":{"@type":"ImageObject","inLanguage":"pl-PL","@id":"https:\/\/lifeplatform.eu\/ro\/#\/schema\/person\/image\/","url":"https:\/\/secure.gravatar.com\/avatar\/0aa1adcef6cfddc832666227fe583fbf20559b32b35af547089ccca965011300?s=96&d=mm&r=g","contentUrl":"https:\/\/secure.gravatar.com\/avatar\/0aa1adcef6cfddc832666227fe583fbf20559b32b35af547089ccca965011300?s=96&d=mm&r=g","caption":"fen_06kv4t7j"},"url":"https:\/\/lifeplatform.eu\/pl\/author\/fen_06kv4t7j\/"}]}},"_links":{"self":[{"href":"https:\/\/lifeplatform.eu\/pl\/wp-json\/wp\/v2\/posts\/17704","targetHints":{"allow":["GET"]}}],"collection":[{"href":"https:\/\/lifeplatform.eu\/pl\/wp-json\/wp\/v2\/posts"}],"about":[{"href":"https:\/\/lifeplatform.eu\/pl\/wp-json\/wp\/v2\/types\/post"}],"author":[{"embeddable":true,"href":"https:\/\/lifeplatform.eu\/pl\/wp-json\/wp\/v2\/users\/1"}],"replies":[{"embeddable":true,"href":"https:\/\/lifeplatform.eu\/pl\/wp-json\/wp\/v2\/comments?post=17704"}],"version-history":[{"count":5,"href":"https:\/\/lifeplatform.eu\/pl\/wp-json\/wp\/v2\/posts\/17704\/revisions"}],"predecessor-version":[{"id":17730,"href":"https:\/\/lifeplatform.eu\/pl\/wp-json\/wp\/v2\/posts\/17704\/revisions\/17730"}],"wp:featuredmedia":[{"embeddable":true,"href":"https:\/\/lifeplatform.eu\/pl\/wp-json\/wp\/v2\/media\/17705"}],"wp:attachment":[{"href":"https:\/\/lifeplatform.eu\/pl\/wp-json\/wp\/v2\/media?parent=17704"}],"wp:term":[{"taxonomy":"category","embeddable":true,"href":"https:\/\/lifeplatform.eu\/pl\/wp-json\/wp\/v2\/categories?post=17704"},{"taxonomy":"post_tag","embeddable":true,"href":"https:\/\/lifeplatform.eu\/pl\/wp-json\/wp\/v2\/tags?post=17704"}],"curies":[{"name":"wp","href":"https:\/\/api.w.org\/{rel}","templated":true}]}}