{"id":20112,"date":"2023-04-06T14:54:20","date_gmt":"2023-04-06T14:54:20","guid":{"rendered":"https:\/\/lifeplatform.eu\/?p=20112"},"modified":"2023-04-06T14:54:20","modified_gmt":"2023-04-06T14:54:20","slug":"executive-secretary-marta-cavalle-talks-about-her-career-and-the-future-of-ssf","status":"publish","type":"post","link":"https:\/\/lifeplatform.eu\/it\/executive-secretary-marta-cavalle-talks-about-her-career-and-the-future-of-ssf\/","title":{"rendered":"Il Segretario esecutivo Marta Cavall\u00e9 parla della sua carriera e del futuro di SSF"},"content":{"rendered":"<p><a href=\"https:\/\/lifeplatform.eu\/wp-content\/uploads\/2023\/04\/Marta-scaled.jpg\"><img loading=\"lazy\" decoding=\"async\" class=\"aligncenter size-full wp-image-20113\" src=\"https:\/\/lifeplatform.eu\/wp-content\/uploads\/2023\/04\/Marta-scaled.jpg\" alt=\"\" width=\"2560\" height=\"1440\" srcset=\"https:\/\/lifeplatform.eu\/wp-content\/uploads\/2023\/04\/Marta-scaled.jpg 2560w, https:\/\/lifeplatform.eu\/wp-content\/uploads\/2023\/04\/Marta-300x169.jpg 300w, https:\/\/lifeplatform.eu\/wp-content\/uploads\/2023\/04\/Marta-1024x576.jpg 1024w, https:\/\/lifeplatform.eu\/wp-content\/uploads\/2023\/04\/Marta-1536x864.jpg 1536w, https:\/\/lifeplatform.eu\/wp-content\/uploads\/2023\/04\/Marta-2048x1152.jpg 2048w, https:\/\/lifeplatform.eu\/wp-content\/uploads\/2023\/04\/Marta-18x10.jpg 18w\" sizes=\"auto, (max-width: 2560px) 100vw, 2560px\" \/><\/a><\/p>\n<p>L'8 marzo \u00e8 stata la Giornata internazionale dei diritti della donna. Quale momento migliore per parlare con la nostra nuova segretaria esecutiva Marta Cavall\u00e9 della sua carriera e del futuro di SSF?<\/p>\n<p><strong>Pu\u00f2 parlarci di lei e di come si \u00e8 avvicinato al mondo della piccola pesca (SSF) e a LIFE?<\/strong><\/p>\n<p>La mia passione per il mare mi ha indirizzato verso la carriera di biologo marino. Tuttavia, mancava qualcosa: anche le scienze sociali e antropologiche erano di mio interesse e importanti per la mia visione del mondo. Nella pesca ho scoperto l'equilibrio perfetto tra i due approcci. Fare amicizia con i pescatori e lavorare con loro mi \u00e8 venuto naturale e mi sono appassionato al settore della pesca.<\/p>\n<p>Nel 2008 ho avuto il privilegio di incontrare Antonio Garc\u00eda Allut, uno dei \"padri\" della cogestione in Europa, e di conoscere il lavoro della Fondazione Lonxanet in Galizia. \u00c8 stato un caso di amore a prima vista: il loro lavoro e il loro approccio mi hanno colpito molto e mi sono sembrati un elemento chiave mancante nella gestione della pesca. Cos\u00ec, quando Antonio mi ha offerto la possibilit\u00e0 di unirmi al loro team nel 2011, ho lasciato tutto e mi sono trasferito in Galizia senza alcuna remora. Lavorare direttamente con le comunit\u00e0 di piccoli pescatori \u00e8 stata un'esperienza arricchente, sia dal punto di vista personale che professionale. Questa \u00e8 stata la mia vera universit\u00e0.<\/p>\n<p>Mi sono appassionato alla comprensione e alla raccolta delle conoscenze ecologiche tradizionali dei pescatori, alla promozione di approcci dal basso verso l'alto e al pensiero collettivo. Ho anche imparato a gestire i conflitti! Questo lavoro ha portato Lonxanet a coordinare una rete di piccoli pescatori nel Mediterraneo. Questo ha coinciso con il processo di riforma della PCP e siamo stati coinvolti. Nel 2012, Greenpeace ci ha chiesto di facilitare una sessione del \"Primo congresso europeo dei pescatori artigianali\", per aiutare i pescatori del settore a capire come migliorare le loro prospettive future. Ho avuto l'onore di facilitare la sessione in cui tutti i delegati dell'SSF hanno deciso all'unanimit\u00e0 di creare LIFE. \u00c8 stato un momento molto emozionante! Tre anni dopo, ho incontrato di nuovo Jerry Percy, direttore di LIFE, che mi ha chiesto di unirmi a LIFE come coordinatore per il Mediterraneo; un'altra decisione nella mia vita che ho preso senza esitazioni!<\/p>\n<p><strong>Quale ruolo vede svolgere l'SSF nello sviluppo sostenibile e come si possono sostenere meglio i pescatori?<\/strong><\/p>\n<p>Sono convinto che i pescatori su piccola scala possano e debbano essere attori del cambiamento per lo sviluppo sostenibile. \u00c8 in qualche modo nella loro logica di produzione e quindi si tratta solo di creare le condizioni adeguate affinch\u00e9 i pescatori su piccola scala diventino a basso impatto e amministratori del mare. Tuttavia, il sistema prevalente, con il suo approccio dall'alto verso il basso, non solo ha allontanato il settore dalla sua corresponsabilit\u00e0, ma ha promosso un approccio individualistico. Nel frattempo, nel corso degli anni, l'industrializzazione non gestita del settore ha avallato la \"legge del pi\u00f9 forte\" sia in mare che nei porti.<\/p>\n<p>Affinch\u00e9 lo sviluppo sostenibile sia una realt\u00e0, dobbiamo riportare l'SSF al centro delle politiche e adottare con urgenza un approccio differenziato alla gestione di questo settore vitale. Parallelamente, sul fronte dell'acqua, dobbiamo rigenerare un approccio collettivo, basato su una vera cooperazione anzich\u00e9 sulla somma di approcci individuali, e promuovere una leadership basata sul raggiungimento del bene comune. Abbiamo anche bisogno di nuovi approcci alla governance e la cogestione pu\u00f2 essere uno strumento chiave per consentire la corresponsabilit\u00e0 e la necessaria gestione efficiente e adattiva.<br \/>\nLIFE sta cercando di creare le condizioni perch\u00e9 tutto questo avvenga: sostenere le organizzazioni SSF e costruire la loro capacit\u00e0 di compiere questa transizione, promuovendo al contempo approcci equi e creando lo spazio politico per farli prosperare.<\/p>\n<p><strong>Come vede il ruolo delle donne nella pesca artigianale?<\/strong><\/p>\n<p>Il ruolo delle donne \u00e8 sempre stato importante, \u00e8 vitale oggi ed \u00e8 fondamentale per il futuro del settore. Oltre al loro ruolo in mare, nel commercio e nella lavorazione, nel fornire supporto nei porti, in ufficio e in casa, attualmente vedo anche molte donne che svolgono ruoli di leadership chiave, guidando il settore a creare un futuro migliore. In molte comunit\u00e0 vedo donne appassionate che facilitano il pensiero collettivo e la cooperazione, che danno potere e uniscono il settore della piccola pesca per cercare soluzioni, altre che si prendono il tempo di rappresentare il settore nei forum politici, diventando un ponte con altre parti interessate e persino guidando la sfida del rinnovamento generazionale del settore. Il ruolo delle donne va ben oltre quello che la maggior parte delle persone immagina; esse possono essere innovatrici fondamentali per affrontare le nuove sfide del futuro del settore. Dobbiamo continuare a responsabilizzarle, a rendere visibili e riconosciuti i loro molteplici ruoli e ad aiutarle a garantire i diritti che meritano e le condizioni di lavoro dignitose necessarie per far prosperare il settore. Allo stesso tempo, dobbiamo continuare a spingere per un pi\u00f9 ampio cambiamento della societ\u00e0 verso l'inclusione, l'equit\u00e0 e la conciliazione familiare.<\/p>\n<p><strong>Come vede il futuro di SSF e quali sono le azioni chiave da intraprendere per garantirne la sostenibilit\u00e0 a lungo termine?<\/strong><\/p>\n<p>In Europa il settore della pesca deve adattarsi ai cambiamenti del contesto e trasformarsi. Il cambiamento climatico, la pandemia e l'invasione dell'Ucraina da parte della Russia, insieme alla valutazione dei 10 anni dell'attuale Politica Comune della Pesca, sono tutti fattori che determinano cambiamenti che richiedono la trasformazione del settore della pesca. \u00c8 comprensibile che questo generi paura in molte parti del settore, ma dobbiamo cogliere questa opportunit\u00e0 per compiere una transizione verso la nostra visione di una pesca equa, mari sani e comunit\u00e0 vivaci. LIFE \u00e8 e continuer\u00e0 a essere presente per garantire che le SSF abbiano lo spazio adeguato per co-progettare gli scenari futuri e per continuare a dimostrare che la pesca a basso impatto delle SSF \u00e8 una parte fondamentale della soluzione.<\/p>\n<p><strong>Come dovrebbe essere il futuro di LIFE?<\/strong><\/p>\n<p>Immagino che LIFE continuer\u00e0 a crescere come forza per il bene. Diventer\u00e0 un'organizzazione europea coesa, inclusiva, ben governata e finanziariamente stabile, composta da forti organizzazioni SSF a livello nazionale e locale, tra cui un numero crescente di organizzazioni di produttori SSF. \u00c8 un futuro in cui i membri di LIFE sono attori del cambiamento, dimostrano il loro contributo alla societ\u00e0 come produttori a basso impatto, hanno voce in capitolo nelle politiche europee, hanno un accesso equo alle risorse e ai mercati, sono impegnati nella cogestione delle loro aree di pesca, forniscono mezzi di sussistenza dignitosi, dove le donne sono visibili e riconosciute e i giovani si uniscono al settore perch\u00e9 vedono un buon futuro.<\/p>\n<!--themify_builder_content-->\n<div id=\"themify_builder_content-20112\" data-postid=\"20112\" class=\"themify_builder_content themify_builder_content-20112 themify_builder tf_clear\">\n    <\/div>\n<!--\/themify_builder_content-->","protected":false},"excerpt":{"rendered":"<p>L'8 marzo \u00e8 stata la Giornata internazionale dei diritti della donna. Quale momento migliore per parlare con il nostro nuovo Segretario esecutivo Marta Cavall\u00e9 della sua carriera e del futuro di SSF? Pu\u00f2 parlarci di lei e di come si \u00e8 avvicinata al mondo della piccola pesca (SSF) e a LIFE? La mia passione per il mare mi ha indirizzato verso [...]<\/p>","protected":false},"author":1,"featured_media":0,"comment_status":"closed","ping_status":"closed","sticky":false,"template":"","format":"standard","meta":{"give_campaign_id":0,"footnotes":""},"categories":[1159],"tags":[],"class_list":["post-20112","post","type-post","status-publish","format-standard","hentry","category-news-mt","has-post-title","has-post-date","has-post-category","has-post-tag","has-post-comment","has-post-author",""],"yoast_head":"<!-- This site is optimized with the Yoast SEO plugin v26.6 - https:\/\/yoast.com\/wordpress\/plugins\/seo\/ -->\n<title>Executive Secretary Marta Cavall\u00e9 talks about her career and the future of SSF - Life Platform<\/title>\n<meta name=\"robots\" content=\"index, follow, max-snippet:-1, max-image-preview:large, max-video-preview:-1\" \/>\n<link rel=\"canonical\" href=\"https:\/\/lifeplatform.eu\/it\/executive-secretary-marta-cavalle-talks-about-her-career-and-the-future-of-ssf\/\" \/>\n<meta property=\"og:locale\" content=\"it_IT\" \/>\n<meta property=\"og:type\" content=\"article\" \/>\n<meta property=\"og:title\" content=\"Executive Secretary Marta Cavall\u00e9 talks about her career and the future of SSF - Life Platform\" \/>\n<meta property=\"og:description\" content=\"March 8 was International Women&#8217;s Rights Day. What better time to talk to our new Executive Secretary Marta Cavall\u00e9 about her career and the future of SSF? Can you tell us about yourself and how you became involved in working with Small-scale Fisheries (SSF) and in LIFE? My passion for the sea steered me towards [&hellip;]\" \/>\n<meta property=\"og:url\" content=\"https:\/\/lifeplatform.eu\/it\/executive-secretary-marta-cavalle-talks-about-her-career-and-the-future-of-ssf\/\" \/>\n<meta property=\"og:site_name\" content=\"Life Platform\" \/>\n<meta property=\"article:publisher\" content=\"https:\/\/www.facebook.com\/Low-Impact-Fishers-of-Europe-166393173503352\/?ref=hl\" \/>\n<meta property=\"article:published_time\" content=\"2023-04-06T14:54:20+00:00\" \/>\n<meta property=\"og:image\" content=\"https:\/\/lifeplatform.eu\/wp-content\/uploads\/2023\/04\/Marta-scaled.jpg\" \/>\n\t<meta property=\"og:image:width\" content=\"2560\" \/>\n\t<meta property=\"og:image:height\" content=\"1440\" \/>\n\t<meta property=\"og:image:type\" content=\"image\/jpeg\" \/>\n<meta name=\"author\" content=\"fen_06kv4t7j\" \/>\n<meta name=\"twitter:card\" content=\"summary_large_image\" \/>\n<meta name=\"twitter:creator\" content=\"@LIFEplatformEU\" \/>\n<meta name=\"twitter:site\" content=\"@LIFEplatformEU\" \/>\n<meta name=\"twitter:label1\" content=\"Scritto da\" \/>\n\t<meta name=\"twitter:data1\" content=\"fen_06kv4t7j\" \/>\n\t<meta name=\"twitter:label2\" content=\"Tempo di lettura stimato\" \/>\n\t<meta name=\"twitter:data2\" content=\"5 minuti\" \/>\n<script type=\"application\/ld+json\" class=\"yoast-schema-graph\">{\"@context\":\"https:\/\/schema.org\",\"@graph\":[{\"@type\":\"WebPage\",\"@id\":\"https:\/\/lifeplatform.eu\/el\/executive-secretary-marta-cavalle-talks-about-her-career-and-the-future-of-ssf\/\",\"url\":\"https:\/\/lifeplatform.eu\/el\/executive-secretary-marta-cavalle-talks-about-her-career-and-the-future-of-ssf\/\",\"name\":\"Executive Secretary Marta Cavall\u00e9 talks about her career and the future of SSF - Life Platform\",\"isPartOf\":{\"@id\":\"https:\/\/lifeplatform.eu\/ro\/#website\"},\"primaryImageOfPage\":{\"@id\":\"https:\/\/lifeplatform.eu\/el\/executive-secretary-marta-cavalle-talks-about-her-career-and-the-future-of-ssf\/#primaryimage\"},\"image\":{\"@id\":\"https:\/\/lifeplatform.eu\/el\/executive-secretary-marta-cavalle-talks-about-her-career-and-the-future-of-ssf\/#primaryimage\"},\"thumbnailUrl\":\"https:\/\/lifeplatform.eu\/wp-content\/uploads\/2023\/04\/Marta-scaled.jpg\",\"datePublished\":\"2023-04-06T14:54:20+00:00\",\"author\":{\"@id\":\"https:\/\/lifeplatform.eu\/ro\/#\/schema\/person\/8b43cfe18db4a602c03b3d8ad3b7099c\"},\"breadcrumb\":{\"@id\":\"https:\/\/lifeplatform.eu\/el\/executive-secretary-marta-cavalle-talks-about-her-career-and-the-future-of-ssf\/#breadcrumb\"},\"inLanguage\":\"it-IT\",\"potentialAction\":[{\"@type\":\"ReadAction\",\"target\":[\"https:\/\/lifeplatform.eu\/el\/executive-secretary-marta-cavalle-talks-about-her-career-and-the-future-of-ssf\/\"]}]},{\"@type\":\"ImageObject\",\"inLanguage\":\"it-IT\",\"@id\":\"https:\/\/lifeplatform.eu\/el\/executive-secretary-marta-cavalle-talks-about-her-career-and-the-future-of-ssf\/#primaryimage\",\"url\":\"https:\/\/lifeplatform.eu\/wp-content\/uploads\/2023\/04\/Marta-scaled.jpg\",\"contentUrl\":\"https:\/\/lifeplatform.eu\/wp-content\/uploads\/2023\/04\/Marta-scaled.jpg\"},{\"@type\":\"BreadcrumbList\",\"@id\":\"https:\/\/lifeplatform.eu\/el\/executive-secretary-marta-cavalle-talks-about-her-career-and-the-future-of-ssf\/#breadcrumb\",\"itemListElement\":[{\"@type\":\"ListItem\",\"position\":1,\"name\":\"Home\",\"item\":\"https:\/\/lifeplatform.eu\/\"},{\"@type\":\"ListItem\",\"position\":2,\"name\":\"Executive Secretary Marta Cavall\u00e9 talks about her career and the future of SSF\"}]},{\"@type\":\"WebSite\",\"@id\":\"https:\/\/lifeplatform.eu\/ro\/#website\",\"url\":\"https:\/\/lifeplatform.eu\/ro\/\",\"name\":\"Life Platform\",\"description\":\"\",\"potentialAction\":[{\"@type\":\"SearchAction\",\"target\":{\"@type\":\"EntryPoint\",\"urlTemplate\":\"https:\/\/lifeplatform.eu\/ro\/?s={search_term_string}\"},\"query-input\":{\"@type\":\"PropertyValueSpecification\",\"valueRequired\":true,\"valueName\":\"search_term_string\"}}],\"inLanguage\":\"it-IT\"},{\"@type\":\"Person\",\"@id\":\"https:\/\/lifeplatform.eu\/ro\/#\/schema\/person\/8b43cfe18db4a602c03b3d8ad3b7099c\",\"name\":\"fen_06kv4t7j\",\"image\":{\"@type\":\"ImageObject\",\"inLanguage\":\"it-IT\",\"@id\":\"https:\/\/lifeplatform.eu\/ro\/#\/schema\/person\/image\/\",\"url\":\"https:\/\/secure.gravatar.com\/avatar\/0aa1adcef6cfddc832666227fe583fbf20559b32b35af547089ccca965011300?s=96&d=mm&r=g\",\"contentUrl\":\"https:\/\/secure.gravatar.com\/avatar\/0aa1adcef6cfddc832666227fe583fbf20559b32b35af547089ccca965011300?s=96&d=mm&r=g\",\"caption\":\"fen_06kv4t7j\"},\"url\":\"https:\/\/lifeplatform.eu\/it\/author\/fen_06kv4t7j\/\"}]}<\/script>\n<!-- \/ Yoast SEO plugin. -->","yoast_head_json":{"title":"Executive Secretary Marta Cavall\u00e9 talks about her career and the future of SSF - Life Platform","robots":{"index":"index","follow":"follow","max-snippet":"max-snippet:-1","max-image-preview":"max-image-preview:large","max-video-preview":"max-video-preview:-1"},"canonical":"https:\/\/lifeplatform.eu\/it\/executive-secretary-marta-cavalle-talks-about-her-career-and-the-future-of-ssf\/","og_locale":"it_IT","og_type":"article","og_title":"Executive Secretary Marta Cavall\u00e9 talks about her career and the future of SSF - Life Platform","og_description":"March 8 was International Women&#8217;s Rights Day. What better time to talk to our new Executive Secretary Marta Cavall\u00e9 about her career and the future of SSF? Can you tell us about yourself and how you became involved in working with Small-scale Fisheries (SSF) and in LIFE? My passion for the sea steered me towards [&hellip;]","og_url":"https:\/\/lifeplatform.eu\/it\/executive-secretary-marta-cavalle-talks-about-her-career-and-the-future-of-ssf\/","og_site_name":"Life Platform","article_publisher":"https:\/\/www.facebook.com\/Low-Impact-Fishers-of-Europe-166393173503352\/?ref=hl","article_published_time":"2023-04-06T14:54:20+00:00","og_image":[{"width":2560,"height":1440,"url":"https:\/\/lifeplatform.eu\/wp-content\/uploads\/2023\/04\/Marta-scaled.jpg","type":"image\/jpeg"}],"author":"fen_06kv4t7j","twitter_card":"summary_large_image","twitter_creator":"@LIFEplatformEU","twitter_site":"@LIFEplatformEU","twitter_misc":{"Scritto da":"fen_06kv4t7j","Tempo di lettura stimato":"5 minuti"},"schema":{"@context":"https:\/\/schema.org","@graph":[{"@type":"WebPage","@id":"https:\/\/lifeplatform.eu\/el\/executive-secretary-marta-cavalle-talks-about-her-career-and-the-future-of-ssf\/","url":"https:\/\/lifeplatform.eu\/el\/executive-secretary-marta-cavalle-talks-about-her-career-and-the-future-of-ssf\/","name":"Executive Secretary Marta Cavall\u00e9 talks about her career and the future of SSF - Life Platform","isPartOf":{"@id":"https:\/\/lifeplatform.eu\/ro\/#website"},"primaryImageOfPage":{"@id":"https:\/\/lifeplatform.eu\/el\/executive-secretary-marta-cavalle-talks-about-her-career-and-the-future-of-ssf\/#primaryimage"},"image":{"@id":"https:\/\/lifeplatform.eu\/el\/executive-secretary-marta-cavalle-talks-about-her-career-and-the-future-of-ssf\/#primaryimage"},"thumbnailUrl":"https:\/\/lifeplatform.eu\/wp-content\/uploads\/2023\/04\/Marta-scaled.jpg","datePublished":"2023-04-06T14:54:20+00:00","author":{"@id":"https:\/\/lifeplatform.eu\/ro\/#\/schema\/person\/8b43cfe18db4a602c03b3d8ad3b7099c"},"breadcrumb":{"@id":"https:\/\/lifeplatform.eu\/el\/executive-secretary-marta-cavalle-talks-about-her-career-and-the-future-of-ssf\/#breadcrumb"},"inLanguage":"it-IT","potentialAction":[{"@type":"ReadAction","target":["https:\/\/lifeplatform.eu\/el\/executive-secretary-marta-cavalle-talks-about-her-career-and-the-future-of-ssf\/"]}]},{"@type":"ImageObject","inLanguage":"it-IT","@id":"https:\/\/lifeplatform.eu\/el\/executive-secretary-marta-cavalle-talks-about-her-career-and-the-future-of-ssf\/#primaryimage","url":"https:\/\/lifeplatform.eu\/wp-content\/uploads\/2023\/04\/Marta-scaled.jpg","contentUrl":"https:\/\/lifeplatform.eu\/wp-content\/uploads\/2023\/04\/Marta-scaled.jpg"},{"@type":"BreadcrumbList","@id":"https:\/\/lifeplatform.eu\/el\/executive-secretary-marta-cavalle-talks-about-her-career-and-the-future-of-ssf\/#breadcrumb","itemListElement":[{"@type":"ListItem","position":1,"name":"Home","item":"https:\/\/lifeplatform.eu\/"},{"@type":"ListItem","position":2,"name":"Executive Secretary Marta Cavall\u00e9 talks about her career and the future of SSF"}]},{"@type":"WebSite","@id":"https:\/\/lifeplatform.eu\/ro\/#website","url":"https:\/\/lifeplatform.eu\/ro\/","name":"Piattaforma di vita","description":"","potentialAction":[{"@type":"SearchAction","target":{"@type":"EntryPoint","urlTemplate":"https:\/\/lifeplatform.eu\/ro\/?s={search_term_string}"},"query-input":{"@type":"PropertyValueSpecification","valueRequired":true,"valueName":"search_term_string"}}],"inLanguage":"it-IT"},{"@type":"Person","@id":"https:\/\/lifeplatform.eu\/ro\/#\/schema\/person\/8b43cfe18db4a602c03b3d8ad3b7099c","name":"fen_06kv4t7j","image":{"@type":"ImageObject","inLanguage":"it-IT","@id":"https:\/\/lifeplatform.eu\/ro\/#\/schema\/person\/image\/","url":"https:\/\/secure.gravatar.com\/avatar\/0aa1adcef6cfddc832666227fe583fbf20559b32b35af547089ccca965011300?s=96&d=mm&r=g","contentUrl":"https:\/\/secure.gravatar.com\/avatar\/0aa1adcef6cfddc832666227fe583fbf20559b32b35af547089ccca965011300?s=96&d=mm&r=g","caption":"fen_06kv4t7j"},"url":"https:\/\/lifeplatform.eu\/it\/author\/fen_06kv4t7j\/"}]}},"_links":{"self":[{"href":"https:\/\/lifeplatform.eu\/it\/wp-json\/wp\/v2\/posts\/20112","targetHints":{"allow":["GET"]}}],"collection":[{"href":"https:\/\/lifeplatform.eu\/it\/wp-json\/wp\/v2\/posts"}],"about":[{"href":"https:\/\/lifeplatform.eu\/it\/wp-json\/wp\/v2\/types\/post"}],"author":[{"embeddable":true,"href":"https:\/\/lifeplatform.eu\/it\/wp-json\/wp\/v2\/users\/1"}],"replies":[{"embeddable":true,"href":"https:\/\/lifeplatform.eu\/it\/wp-json\/wp\/v2\/comments?post=20112"}],"version-history":[{"count":2,"href":"https:\/\/lifeplatform.eu\/it\/wp-json\/wp\/v2\/posts\/20112\/revisions"}],"predecessor-version":[{"id":20115,"href":"https:\/\/lifeplatform.eu\/it\/wp-json\/wp\/v2\/posts\/20112\/revisions\/20115"}],"wp:attachment":[{"href":"https:\/\/lifeplatform.eu\/it\/wp-json\/wp\/v2\/media?parent=20112"}],"wp:term":[{"taxonomy":"category","embeddable":true,"href":"https:\/\/lifeplatform.eu\/it\/wp-json\/wp\/v2\/categories?post=20112"},{"taxonomy":"post_tag","embeddable":true,"href":"https:\/\/lifeplatform.eu\/it\/wp-json\/wp\/v2\/tags?post=20112"}],"curies":[{"name":"wp","href":"https:\/\/api.w.org\/{rel}","templated":true}]}}