{"id":15028,"date":"2019-02-27T15:44:27","date_gmt":"2019-02-27T15:44:27","guid":{"rendered":"http:\/\/lifeplatform.eu\/?p=15028"},"modified":"2019-03-14T09:46:24","modified_gmt":"2019-03-14T09:46:24","slug":"poland-ssfs-protest-against-the-situation-in-the-baltic-sea","status":"publish","type":"post","link":"https:\/\/lifeplatform.eu\/hr\/poland-ssfs-protest-against-the-situation-in-the-baltic-sea\/","title":{"rendered":"Poljska: Pripadnici morskih snaga prosvjeduju zbog situacije u Balti\u010dkom moru"},"content":{"rendered":"<p style=\"text-align: center;\"><img loading=\"lazy\" decoding=\"async\" class=\"alignnone size-medium wp-image-15029\" src=\"https:\/\/lifeplatform.eu\/wp-content\/uploads\/2019\/02\/IMG_6856-300x225.jpg\" alt=\"\" width=\"300\" height=\"225\" srcset=\"https:\/\/lifeplatform.eu\/wp-content\/uploads\/2019\/02\/IMG_6856-300x225.jpg 300w, https:\/\/lifeplatform.eu\/wp-content\/uploads\/2019\/02\/IMG_6856-1024x768.jpg 1024w, https:\/\/lifeplatform.eu\/wp-content\/uploads\/2019\/02\/IMG_6856-1024x768-266x200.jpg 266w\" sizes=\"auto, (max-width: 300px) 100vw, 300px\" \/><\/p>\n<h3 style=\"text-align: center;\"><span style=\"color: #0000ff;\"><strong>Poljski mali ribari u\u010dinkoviti su u prosvjedu protiv situacije u Balti\u010dkom moru<\/strong><\/span><\/h3>\n<p style=\"text-align: right;\">Var\u0161ava, 27. velja\u010de 2019.<\/p>\n<p style=\"text-align: right;\">Marcin Ruci\u0144ski<\/p>\n<p style=\"text-align: center;\"><a href=\"https:\/\/lifeplatform.eu\/wp-content\/uploads\/2019\/02\/article_protest_EN.pdf\">Slu\u017ebeni PR na engleskom jeziku dostupan je ovdje.<\/a><\/p>\n<p style=\"text-align: center;\"><a href=\"https:\/\/lifeplatform.eu\/wp-content\/uploads\/2019\/02\/article_protest_PL.pdf\">Poljski<\/a><\/p>\n<p style=\"text-align: center;\"><a href=\"https:\/\/lifeplatform.eu\/wp-content\/uploads\/2019\/02\/article_protest_FR.pdf\">Francuski<\/a><\/p>\n<p style=\"text-align: center;\"><a href=\"https:\/\/lifeplatform.eu\/wp-content\/uploads\/2019\/02\/article_protest_SP.pdf\">\u0160panjolski<\/a><\/p>\n<p style=\"text-align: center;\"><a href=\"https:\/\/lifeplatform.eu\/wp-content\/uploads\/2019\/02\/Artikel_Protest_DE-1.pdf\">Deutsche<\/a><\/p>\n<pre id=\"tw-target-text\" class=\"tw-data-text tw-ta tw-text-large\" dir=\"ltr\" data-placeholder=\"Translation\" data-fulltext=\"\"><\/pre>\n<p style=\"text-align: center;\">\n<!--themify_builder_content-->\n<div id=\"themify_builder_content-15028\" data-postid=\"15028\" class=\"themify_builder_content themify_builder_content-15028 themify_builder tf_clear\">\n    <\/div>\n<!--\/themify_builder_content-->","protected":false},"excerpt":{"rendered":"<p>Poljski mali ribari u\u010dinkoviti su u prosvjedu protiv situacije u Balti\u010dkom moru Var\u0161ava, 27. velja\u010de 2019. Marcin Ruci\u0144ski Pristupite slu\u017ebenom PR-u na engleskom ovdje Polski Fran\u00e7ais Espa\u00f1ol Deutsche<\/p>","protected":false},"author":2,"featured_media":15029,"comment_status":"closed","ping_status":"closed","sticky":false,"template":"","format":"standard","meta":{"give_campaign_id":0,"footnotes":""},"categories":[4],"tags":[47,1446],"class_list":["post-15028","post","type-post","status-publish","format-standard","has-post-thumbnail","hentry","category-news","tag-poland","tag-protest","has-post-title","has-post-date","has-post-category","has-post-tag","has-post-comment","has-post-author",""],"yoast_head":"<!-- This site is optimized with the Yoast SEO plugin v26.6 - https:\/\/yoast.com\/wordpress\/plugins\/seo\/ -->\n<title>Poland: SSFs protest against the situation in the Baltic Sea - Life Platform<\/title>\n<meta name=\"robots\" content=\"index, follow, max-snippet:-1, max-image-preview:large, max-video-preview:-1\" \/>\n<link rel=\"canonical\" href=\"https:\/\/lifeplatform.eu\/hr\/poland-ssfs-protest-against-the-situation-in-the-baltic-sea\/\" \/>\n<meta property=\"og:locale\" content=\"hr_HR\" \/>\n<meta property=\"og:type\" content=\"article\" \/>\n<meta property=\"og:title\" content=\"Poland: SSFs protest against the situation in the Baltic Sea - Life Platform\" \/>\n<meta property=\"og:description\" content=\"Polish small-scale fishers are efficient in their protest against the situation in the Baltic Sea Warsaw, 27th February 2019 Marcin Ruci\u0144ski Access the official PR in English here Polski Fran\u00e7ais Espa\u00f1ol Deutsche\" \/>\n<meta property=\"og:url\" content=\"https:\/\/lifeplatform.eu\/hr\/poland-ssfs-protest-against-the-situation-in-the-baltic-sea\/\" \/>\n<meta property=\"og:site_name\" content=\"Life Platform\" \/>\n<meta property=\"article:publisher\" content=\"https:\/\/www.facebook.com\/Low-Impact-Fishers-of-Europe-166393173503352\/?ref=hl\" \/>\n<meta property=\"article:published_time\" content=\"2019-02-27T15:44:27+00:00\" \/>\n<meta property=\"article:modified_time\" content=\"2019-03-14T09:46:24+00:00\" \/>\n<meta property=\"og:image\" content=\"https:\/\/lifeplatform.eu\/wp-content\/uploads\/2019\/02\/IMG_6856-1024x768.jpg\" \/>\n\t<meta property=\"og:image:width\" content=\"1024\" \/>\n\t<meta property=\"og:image:height\" content=\"768\" \/>\n\t<meta property=\"og:image:type\" content=\"image\/jpeg\" \/>\n<meta name=\"author\" content=\"LIFE Platform\" \/>\n<meta name=\"twitter:card\" content=\"summary_large_image\" \/>\n<meta name=\"twitter:creator\" content=\"@LIFEplatformEU\" \/>\n<meta name=\"twitter:site\" content=\"@LIFEplatformEU\" \/>\n<meta name=\"twitter:label1\" content=\"Napisao\/la\" \/>\n\t<meta name=\"twitter:data1\" content=\"LIFE Platform\" \/>\n<script type=\"application\/ld+json\" class=\"yoast-schema-graph\">{\"@context\":\"https:\/\/schema.org\",\"@graph\":[{\"@type\":\"WebPage\",\"@id\":\"https:\/\/lifeplatform.eu\/ma\/poland-ssfs-protest-against-the-situation-in-the-baltic-sea\/\",\"url\":\"https:\/\/lifeplatform.eu\/ma\/poland-ssfs-protest-against-the-situation-in-the-baltic-sea\/\",\"name\":\"Poland: SSFs protest against the situation in the Baltic Sea - Life Platform\",\"isPartOf\":{\"@id\":\"https:\/\/lifeplatform.eu\/ro\/#website\"},\"primaryImageOfPage\":{\"@id\":\"https:\/\/lifeplatform.eu\/ma\/poland-ssfs-protest-against-the-situation-in-the-baltic-sea\/#primaryimage\"},\"image\":{\"@id\":\"https:\/\/lifeplatform.eu\/ma\/poland-ssfs-protest-against-the-situation-in-the-baltic-sea\/#primaryimage\"},\"thumbnailUrl\":\"https:\/\/lifeplatform.eu\/wp-content\/uploads\/2019\/02\/IMG_6856.jpg\",\"datePublished\":\"2019-02-27T15:44:27+00:00\",\"dateModified\":\"2019-03-14T09:46:24+00:00\",\"author\":{\"@id\":\"https:\/\/lifeplatform.eu\/ro\/#\/schema\/person\/08408243d2c0a0f8f8a0e490f873351c\"},\"breadcrumb\":{\"@id\":\"https:\/\/lifeplatform.eu\/ma\/poland-ssfs-protest-against-the-situation-in-the-baltic-sea\/#breadcrumb\"},\"inLanguage\":\"hr\",\"potentialAction\":[{\"@type\":\"ReadAction\",\"target\":[\"https:\/\/lifeplatform.eu\/ma\/poland-ssfs-protest-against-the-situation-in-the-baltic-sea\/\"]}]},{\"@type\":\"ImageObject\",\"inLanguage\":\"hr\",\"@id\":\"https:\/\/lifeplatform.eu\/ma\/poland-ssfs-protest-against-the-situation-in-the-baltic-sea\/#primaryimage\",\"url\":\"https:\/\/lifeplatform.eu\/wp-content\/uploads\/2019\/02\/IMG_6856.jpg\",\"contentUrl\":\"https:\/\/lifeplatform.eu\/wp-content\/uploads\/2019\/02\/IMG_6856.jpg\",\"width\":4032,\"height\":3024},{\"@type\":\"BreadcrumbList\",\"@id\":\"https:\/\/lifeplatform.eu\/ma\/poland-ssfs-protest-against-the-situation-in-the-baltic-sea\/#breadcrumb\",\"itemListElement\":[{\"@type\":\"ListItem\",\"position\":1,\"name\":\"Home\",\"item\":\"https:\/\/lifeplatform.eu\/\"},{\"@type\":\"ListItem\",\"position\":2,\"name\":\"Poland: SSFs protest against the situation in the Baltic Sea\"}]},{\"@type\":\"WebSite\",\"@id\":\"https:\/\/lifeplatform.eu\/ro\/#website\",\"url\":\"https:\/\/lifeplatform.eu\/ro\/\",\"name\":\"Life Platform\",\"description\":\"\",\"potentialAction\":[{\"@type\":\"SearchAction\",\"target\":{\"@type\":\"EntryPoint\",\"urlTemplate\":\"https:\/\/lifeplatform.eu\/ro\/?s={search_term_string}\"},\"query-input\":{\"@type\":\"PropertyValueSpecification\",\"valueRequired\":true,\"valueName\":\"search_term_string\"}}],\"inLanguage\":\"hr\"},{\"@type\":\"Person\",\"@id\":\"https:\/\/lifeplatform.eu\/ro\/#\/schema\/person\/08408243d2c0a0f8f8a0e490f873351c\",\"name\":\"LIFE Platform\",\"image\":{\"@type\":\"ImageObject\",\"inLanguage\":\"hr\",\"@id\":\"https:\/\/lifeplatform.eu\/ro\/#\/schema\/person\/image\/\",\"url\":\"https:\/\/secure.gravatar.com\/avatar\/6ca31bdd062853151bd502f8094814ad24e1606702561c4c2e605059ca8fd994?s=96&d=mm&r=g\",\"contentUrl\":\"https:\/\/secure.gravatar.com\/avatar\/6ca31bdd062853151bd502f8094814ad24e1606702561c4c2e605059ca8fd994?s=96&d=mm&r=g\",\"caption\":\"LIFE Platform\"},\"url\":\"https:\/\/lifeplatform.eu\/hr\/author\/claudia2015\/\"}]}<\/script>\n<!-- \/ Yoast SEO plugin. -->","yoast_head_json":{"title":"Poljska: SSF-ovi prosvjeduju protiv situacije na Balti\u010dkom moru - Life Platform","robots":{"index":"index","follow":"follow","max-snippet":"max-snippet:-1","max-image-preview":"max-image-preview:large","max-video-preview":"max-video-preview:-1"},"canonical":"https:\/\/lifeplatform.eu\/hr\/poland-ssfs-protest-against-the-situation-in-the-baltic-sea\/","og_locale":"hr_HR","og_type":"article","og_title":"Poland: SSFs protest against the situation in the Baltic Sea - Life Platform","og_description":"Polish small-scale fishers are efficient in their protest against the situation in the Baltic Sea Warsaw, 27th February 2019 Marcin Ruci\u0144ski Access the official PR in English here Polski Fran\u00e7ais Espa\u00f1ol Deutsche","og_url":"https:\/\/lifeplatform.eu\/hr\/poland-ssfs-protest-against-the-situation-in-the-baltic-sea\/","og_site_name":"Life Platform","article_publisher":"https:\/\/www.facebook.com\/Low-Impact-Fishers-of-Europe-166393173503352\/?ref=hl","article_published_time":"2019-02-27T15:44:27+00:00","article_modified_time":"2019-03-14T09:46:24+00:00","og_image":[{"width":1024,"height":768,"url":"https:\/\/lifeplatform.eu\/wp-content\/uploads\/2019\/02\/IMG_6856-1024x768.jpg","type":"image\/jpeg"}],"author":"LIFE Platform","twitter_card":"summary_large_image","twitter_creator":"@LIFEplatformEU","twitter_site":"@LIFEplatformEU","twitter_misc":{"Napisao\/la":"LIFE Platform"},"schema":{"@context":"https:\/\/schema.org","@graph":[{"@type":"WebPage","@id":"https:\/\/lifeplatform.eu\/ma\/poland-ssfs-protest-against-the-situation-in-the-baltic-sea\/","url":"https:\/\/lifeplatform.eu\/ma\/poland-ssfs-protest-against-the-situation-in-the-baltic-sea\/","name":"Poljska: SSF-ovi prosvjeduju protiv situacije na Balti\u010dkom moru - Life Platform","isPartOf":{"@id":"https:\/\/lifeplatform.eu\/ro\/#website"},"primaryImageOfPage":{"@id":"https:\/\/lifeplatform.eu\/ma\/poland-ssfs-protest-against-the-situation-in-the-baltic-sea\/#primaryimage"},"image":{"@id":"https:\/\/lifeplatform.eu\/ma\/poland-ssfs-protest-against-the-situation-in-the-baltic-sea\/#primaryimage"},"thumbnailUrl":"https:\/\/lifeplatform.eu\/wp-content\/uploads\/2019\/02\/IMG_6856.jpg","datePublished":"2019-02-27T15:44:27+00:00","dateModified":"2019-03-14T09:46:24+00:00","author":{"@id":"https:\/\/lifeplatform.eu\/ro\/#\/schema\/person\/08408243d2c0a0f8f8a0e490f873351c"},"breadcrumb":{"@id":"https:\/\/lifeplatform.eu\/ma\/poland-ssfs-protest-against-the-situation-in-the-baltic-sea\/#breadcrumb"},"inLanguage":"hr","potentialAction":[{"@type":"ReadAction","target":["https:\/\/lifeplatform.eu\/ma\/poland-ssfs-protest-against-the-situation-in-the-baltic-sea\/"]}]},{"@type":"ImageObject","inLanguage":"hr","@id":"https:\/\/lifeplatform.eu\/ma\/poland-ssfs-protest-against-the-situation-in-the-baltic-sea\/#primaryimage","url":"https:\/\/lifeplatform.eu\/wp-content\/uploads\/2019\/02\/IMG_6856.jpg","contentUrl":"https:\/\/lifeplatform.eu\/wp-content\/uploads\/2019\/02\/IMG_6856.jpg","width":4032,"height":3024},{"@type":"BreadcrumbList","@id":"https:\/\/lifeplatform.eu\/ma\/poland-ssfs-protest-against-the-situation-in-the-baltic-sea\/#breadcrumb","itemListElement":[{"@type":"ListItem","position":1,"name":"Home","item":"https:\/\/lifeplatform.eu\/"},{"@type":"ListItem","position":2,"name":"Poland: SSFs protest against the situation in the Baltic Sea"}]},{"@type":"WebSite","@id":"https:\/\/lifeplatform.eu\/ro\/#website","url":"https:\/\/lifeplatform.eu\/ro\/","name":"Platforma za \u017eivot","description":"","potentialAction":[{"@type":"SearchAction","target":{"@type":"EntryPoint","urlTemplate":"https:\/\/lifeplatform.eu\/ro\/?s={search_term_string}"},"query-input":{"@type":"PropertyValueSpecification","valueRequired":true,"valueName":"search_term_string"}}],"inLanguage":"hr"},{"@type":"Person","@id":"https:\/\/lifeplatform.eu\/ro\/#\/schema\/person\/08408243d2c0a0f8f8a0e490f873351c","name":"Platforma LIFE","image":{"@type":"ImageObject","inLanguage":"hr","@id":"https:\/\/lifeplatform.eu\/ro\/#\/schema\/person\/image\/","url":"https:\/\/secure.gravatar.com\/avatar\/6ca31bdd062853151bd502f8094814ad24e1606702561c4c2e605059ca8fd994?s=96&d=mm&r=g","contentUrl":"https:\/\/secure.gravatar.com\/avatar\/6ca31bdd062853151bd502f8094814ad24e1606702561c4c2e605059ca8fd994?s=96&d=mm&r=g","caption":"LIFE Platform"},"url":"https:\/\/lifeplatform.eu\/hr\/author\/claudia2015\/"}]}},"_links":{"self":[{"href":"https:\/\/lifeplatform.eu\/hr\/wp-json\/wp\/v2\/posts\/15028","targetHints":{"allow":["GET"]}}],"collection":[{"href":"https:\/\/lifeplatform.eu\/hr\/wp-json\/wp\/v2\/posts"}],"about":[{"href":"https:\/\/lifeplatform.eu\/hr\/wp-json\/wp\/v2\/types\/post"}],"author":[{"embeddable":true,"href":"https:\/\/lifeplatform.eu\/hr\/wp-json\/wp\/v2\/users\/2"}],"replies":[{"embeddable":true,"href":"https:\/\/lifeplatform.eu\/hr\/wp-json\/wp\/v2\/comments?post=15028"}],"version-history":[{"count":3,"href":"https:\/\/lifeplatform.eu\/hr\/wp-json\/wp\/v2\/posts\/15028\/revisions"}],"predecessor-version":[{"id":15197,"href":"https:\/\/lifeplatform.eu\/hr\/wp-json\/wp\/v2\/posts\/15028\/revisions\/15197"}],"wp:featuredmedia":[{"embeddable":true,"href":"https:\/\/lifeplatform.eu\/hr\/wp-json\/wp\/v2\/media\/15029"}],"wp:attachment":[{"href":"https:\/\/lifeplatform.eu\/hr\/wp-json\/wp\/v2\/media?parent=15028"}],"wp:term":[{"taxonomy":"category","embeddable":true,"href":"https:\/\/lifeplatform.eu\/hr\/wp-json\/wp\/v2\/categories?post=15028"},{"taxonomy":"post_tag","embeddable":true,"href":"https:\/\/lifeplatform.eu\/hr\/wp-json\/wp\/v2\/tags?post=15028"}],"curies":[{"name":"radni list","href":"https:\/\/api.w.org\/{rel}","templated":true}]}}