{"id":22328,"date":"2026-03-11T09:44:47","date_gmt":"2026-03-11T09:44:47","guid":{"rendered":"https:\/\/lifeplatform.eu\/?p=22328"},"modified":"2026-03-11T09:44:47","modified_gmt":"2026-03-11T09:44:47","slug":"strengthening-our-team-meet-our-new-admin-financial-officer","status":"publish","type":"post","link":"https:\/\/lifeplatform.eu\/fr\/strengthening-our-team-meet-our-new-admin-financial-officer\/","title":{"rendered":"Renforcer notre \u00e9quipe : Rencontrez notre nouvelle responsable administrative et financi\u00e8re"},"content":{"rendered":"<h5><img loading=\"lazy\" decoding=\"async\" class=\"wp-image-22320 alignleft\" src=\"https:\/\/lifeplatform.eu\/wp-content\/uploads\/2026\/03\/IMG-20260305-WA0001-Claudia-285x300.jpg\" alt=\"\" width=\"151\" height=\"159\" srcset=\"https:\/\/lifeplatform.eu\/wp-content\/uploads\/2026\/03\/IMG-20260305-WA0001-Claudia-285x300.jpg 285w, https:\/\/lifeplatform.eu\/wp-content\/uploads\/2026\/03\/IMG-20260305-WA0001-Claudia-11x12.jpg 11w, https:\/\/lifeplatform.eu\/wp-content\/uploads\/2026\/03\/IMG-20260305-WA0001-Claudia.jpg 603w\" sizes=\"auto, (max-width: 151px) 100vw, 151px\" \/><em>Nous sommes ravis d'accueillir <strong data-start=\"544\" data-end=\"576\">Claudia Giulia Cantele Silva<\/strong> en tant que nouveau responsable administratif et financier. <\/em><\/h5>\n<h5><em>Depuis notre bureau de Bruxelles, elle aidera \u00e0 renforcer nos processus internes et contribuera \u00e0 la gestion et \u00e0 la coordination efficaces des activit\u00e9s dans l'ensemble de l'organisation.<\/em><\/h5>\n<h5><\/h5>\n<p>&nbsp;<\/p>\n<p>&nbsp;<\/p>\n<p><strong>Pouvez-vous vous pr\u00e9senter bri\u00e8vement et nous parler de votre parcours professionnel avant de rejoindre LIFE ?<\/strong><\/p>\n<p>Je suis un professionnel de la finance avec plus de 15 ans d'exp\u00e9rience dans diff\u00e9rents domaines de la finance, de la comptabilit\u00e9 et de la fiscalit\u00e9 \u00e0 la budg\u00e9tisation et aux pr\u00e9visions. J'ai une exp\u00e9rience internationale, ayant travaill\u00e9 au Br\u00e9sil - mon pays d'origine - en France, en Hongrie et maintenant en Belgique. Bien que j'aie travaill\u00e9 dans divers secteurs, ma derni\u00e8re exp\u00e9rience a \u00e9t\u00e9 acquise dans le secteur bancaire, o\u00f9 j'ai dirig\u00e9 une \u00e9quipe de conseillers financiers pour les clients du Wholesale Banking. J'habite \u00e0 Anvers, \u00e0 environ deux heures de notre bureau de Bruxelles. Je suis mari\u00e9e, je n'ai pas d'enfants (mais beaucoup de plantes) et la lecture est l'une des choses que je pr\u00e9f\u00e8re au monde. Mon fr\u00e8re a\u00een\u00e9 est p\u00eacheur en Alaska, et certains de mes plus beaux souvenirs d'enfance sont li\u00e9s \u00e0 ses visites et aux photos de la vie en mer qu'il partageait avec moi.<\/p>\n<p><strong>En quoi votre exp\u00e9rience ant\u00e9rieure dans le secteur des entreprises vous aide-t-elle dans votre travail \u00e0 LIFE ?<\/strong><\/p>\n<p><span style=\"font-weight: 400;\">Je pense que le secteur des entreprises m'a permis d'\u00eatre expos\u00e9e \u00e0 plusieurs strat\u00e9gies et outils diff\u00e9rents pour une gestion efficace des ressources et des gains d'efficacit\u00e9, que j'ai l'intention de mettre en pratique \u00e0 LIFE, pour faciliter les processus internes, mais aussi pour offrir un soutien \u00e0 notre r\u00e9seau de p\u00eacheurs lorsqu'ils ont besoin d'une expertise et de conseils financiers. Un autre objectif est d'aider LIFE \u00e0 atteindre sa strat\u00e9gie de financement \u00e0 long terme, ce que j'ai d\u00e9j\u00e0 r\u00e9ussi \u00e0 faire dans le pass\u00e9.<\/span><\/p>\n<p><strong>Depuis que vous avez rejoint LIFE, quel a \u00e9t\u00e9 l'aspect le plus int\u00e9ressant ou le plus surprenant de votre travail avec le secteur de la p\u00eache artisanale ?<\/strong><\/p>\n<p><span style=\"font-weight: 400;\">L'aspect qui m'a le plus surpris a certainement \u00e9t\u00e9 d'apprendre que les petits p\u00eacheurs constituent en fait la majeure partie de la flotte et de la main-d'\u0153uvre dans le secteur de la p\u00eache, ce qui rend frappant le fait qu'ils soient encore sous-repr\u00e9sent\u00e9s dans la prise de d\u00e9cision au sein de l'UE. Ce qui est \u00e9galement surprenant, c'est de comprendre \u00e0 quel point le secteur de la p\u00eache artisanale est int\u00e9gr\u00e9 et connect\u00e9 \u00e0 l'ensemble du syst\u00e8me alimentaire et \u00e0 quel point il peut avoir un impact significatif lorsqu'il est correctement impliqu\u00e9 dans l'\u00e9laboration des politiques.<\/span><\/p>\n<p><strong>Quel message souhaiteriez-vous partager avec le r\u00e9seau LIFE de p\u00eacheurs et de partenaires \u00e0 travers l'Europe ?<\/strong><\/p>\n<p><span style=\"font-weight: 400;\">Un message que j'aimerais faire passer est que j'accorde une grande importance \u00e0 la collaboration, \u00e0 l'ouverture et \u00e0 la transparence. N'h\u00e9sitez donc pas \u00e0 me contacter \u00e0 tout moment pour me faire part de vos suggestions, de vos id\u00e9es, de vos pr\u00e9occupations ou de vos commentaires. Je suis toujours pr\u00eat \u00e0 \u00e9couter avec intention et \u00e0 travailler pour que notre partenariat ait du sens et de la valeur pour toutes les personnes impliqu\u00e9es. En tant que responsable administratif et financier, ma mission, avec l'ensemble du personnel de LIFE, est de veiller \u00e0 ce que tous les membres de notre r\u00e9seau et les partenaires \u00e0 travers l'Europe se sentent valoris\u00e9s et confiants dans le fait que leurs ressources sont utilis\u00e9es l\u00e0 o\u00f9 elles auront le plus d'impact, garantissant ainsi un avenir plus durable pour tous.<\/span><\/p>","protected":false},"excerpt":{"rendered":"<p>Nous sommes ravis d'accueillir Claudia Giulia Cantele Silva en tant que nouvelle responsable administrative et financi\u00e8re. Depuis notre bureau de Bruxelles, elle nous aidera \u00e0 renforcer nos processus internes et contribuera \u00e0 la gestion et \u00e0 la coordination efficaces des activit\u00e9s au sein de l'organisation.     Pourriez-vous vous pr\u00e9senter bri\u00e8vement et nous parler de votre parcours professionnel avant [...]<\/p>","protected":false},"author":2,"featured_media":22330,"comment_status":"closed","ping_status":"closed","sticky":false,"template":"","format":"standard","meta":{"give_campaign_id":0,"footnotes":""},"categories":[4],"tags":[1539,1574],"class_list":["post-22328","post","type-post","status-publish","format-standard","has-post-thumbnail","hentry","category-news","tag-admin","tag-team","has-post-title","has-post-date","has-post-category","has-post-tag","has-post-comment","has-post-author",""],"yoast_head":"<!-- This site is optimized with the Yoast SEO plugin v26.6 - https:\/\/yoast.com\/wordpress\/plugins\/seo\/ -->\n<title>Strengthening Our Team: Meet Our New Admin &amp; Financial Officer - Life Platform<\/title>\n<meta name=\"robots\" content=\"index, follow, max-snippet:-1, max-image-preview:large, max-video-preview:-1\" \/>\n<link rel=\"canonical\" href=\"https:\/\/lifeplatform.eu\/fr\/strengthening-our-team-meet-our-new-admin-financial-officer\/\" \/>\n<meta property=\"og:locale\" content=\"fr_FR\" \/>\n<meta property=\"og:type\" content=\"article\" \/>\n<meta property=\"og:title\" content=\"Strengthening Our Team: Meet Our New Admin &amp; Financial Officer - Life Platform\" \/>\n<meta property=\"og:description\" content=\"We are delighted to welcome Claudia Giulia Cantele Silva as our new Administrative and Financial Officer. From our Brussels office, she will help strengthen our internal processes and contribute to the efficient management and coordination of activities across the organisation. &nbsp; &nbsp; Could you briefly introduce yourself and tell us about your professional background before [&hellip;]\" \/>\n<meta property=\"og:url\" content=\"https:\/\/lifeplatform.eu\/fr\/strengthening-our-team-meet-our-new-admin-financial-officer\/\" \/>\n<meta property=\"og:site_name\" content=\"Life Platform\" \/>\n<meta property=\"article:publisher\" content=\"https:\/\/www.facebook.com\/Low-Impact-Fishers-of-Europe-166393173503352\/?ref=hl\" \/>\n<meta property=\"article:published_time\" content=\"2026-03-11T09:44:47+00:00\" \/>\n<meta property=\"og:image\" content=\"https:\/\/lifeplatform.eu\/wp-content\/uploads\/2026\/03\/clker-free-vector-images-people-297819_1920.png\" \/>\n\t<meta property=\"og:image:width\" content=\"1920\" \/>\n\t<meta property=\"og:image:height\" content=\"1638\" \/>\n\t<meta property=\"og:image:type\" content=\"image\/png\" \/>\n<meta name=\"author\" content=\"LIFE Platform\" \/>\n<meta name=\"twitter:card\" content=\"summary_large_image\" \/>\n<meta name=\"twitter:creator\" content=\"@LIFEplatformEU\" \/>\n<meta name=\"twitter:site\" content=\"@LIFEplatformEU\" \/>\n<meta name=\"twitter:label1\" content=\"\u00c9crit par\" \/>\n\t<meta name=\"twitter:data1\" content=\"LIFE Platform\" \/>\n\t<meta name=\"twitter:label2\" content=\"Dur\u00e9e de lecture estim\u00e9e\" \/>\n\t<meta name=\"twitter:data2\" content=\"3 minutes\" \/>\n<script type=\"application\/ld+json\" class=\"yoast-schema-graph\">{\"@context\":\"https:\/\/schema.org\",\"@graph\":[{\"@type\":\"WebPage\",\"@id\":\"https:\/\/lifeplatform.eu\/strengthening-our-team-meet-our-new-admin-financial-officer\/\",\"url\":\"https:\/\/lifeplatform.eu\/strengthening-our-team-meet-our-new-admin-financial-officer\/\",\"name\":\"Strengthening Our Team: Meet Our New Admin & Financial Officer - Life Platform\",\"isPartOf\":{\"@id\":\"https:\/\/lifeplatform.eu\/ro\/#website\"},\"primaryImageOfPage\":{\"@id\":\"https:\/\/lifeplatform.eu\/strengthening-our-team-meet-our-new-admin-financial-officer\/#primaryimage\"},\"image\":{\"@id\":\"https:\/\/lifeplatform.eu\/strengthening-our-team-meet-our-new-admin-financial-officer\/#primaryimage\"},\"thumbnailUrl\":\"https:\/\/lifeplatform.eu\/wp-content\/uploads\/2026\/03\/clker-free-vector-images-people-297819_1920.png\",\"datePublished\":\"2026-03-11T09:44:47+00:00\",\"author\":{\"@id\":\"https:\/\/lifeplatform.eu\/ro\/#\/schema\/person\/08408243d2c0a0f8f8a0e490f873351c\"},\"breadcrumb\":{\"@id\":\"https:\/\/lifeplatform.eu\/strengthening-our-team-meet-our-new-admin-financial-officer\/#breadcrumb\"},\"inLanguage\":\"fr-FR\",\"potentialAction\":[{\"@type\":\"ReadAction\",\"target\":[\"https:\/\/lifeplatform.eu\/strengthening-our-team-meet-our-new-admin-financial-officer\/\"]}]},{\"@type\":\"ImageObject\",\"inLanguage\":\"fr-FR\",\"@id\":\"https:\/\/lifeplatform.eu\/strengthening-our-team-meet-our-new-admin-financial-officer\/#primaryimage\",\"url\":\"https:\/\/lifeplatform.eu\/wp-content\/uploads\/2026\/03\/clker-free-vector-images-people-297819_1920.png\",\"contentUrl\":\"https:\/\/lifeplatform.eu\/wp-content\/uploads\/2026\/03\/clker-free-vector-images-people-297819_1920.png\",\"width\":1920,\"height\":1638},{\"@type\":\"BreadcrumbList\",\"@id\":\"https:\/\/lifeplatform.eu\/strengthening-our-team-meet-our-new-admin-financial-officer\/#breadcrumb\",\"itemListElement\":[{\"@type\":\"ListItem\",\"position\":1,\"name\":\"Home\",\"item\":\"https:\/\/lifeplatform.eu\/\"},{\"@type\":\"ListItem\",\"position\":2,\"name\":\"Strengthening Our Team: Meet Our New Admin &#038; Financial Officer\"}]},{\"@type\":\"WebSite\",\"@id\":\"https:\/\/lifeplatform.eu\/ro\/#website\",\"url\":\"https:\/\/lifeplatform.eu\/ro\/\",\"name\":\"Life Platform\",\"description\":\"\",\"potentialAction\":[{\"@type\":\"SearchAction\",\"target\":{\"@type\":\"EntryPoint\",\"urlTemplate\":\"https:\/\/lifeplatform.eu\/ro\/?s={search_term_string}\"},\"query-input\":{\"@type\":\"PropertyValueSpecification\",\"valueRequired\":true,\"valueName\":\"search_term_string\"}}],\"inLanguage\":\"fr-FR\"},{\"@type\":\"Person\",\"@id\":\"https:\/\/lifeplatform.eu\/ro\/#\/schema\/person\/08408243d2c0a0f8f8a0e490f873351c\",\"name\":\"LIFE Platform\",\"image\":{\"@type\":\"ImageObject\",\"inLanguage\":\"fr-FR\",\"@id\":\"https:\/\/lifeplatform.eu\/ro\/#\/schema\/person\/image\/\",\"url\":\"https:\/\/secure.gravatar.com\/avatar\/6ca31bdd062853151bd502f8094814ad24e1606702561c4c2e605059ca8fd994?s=96&d=mm&r=g\",\"contentUrl\":\"https:\/\/secure.gravatar.com\/avatar\/6ca31bdd062853151bd502f8094814ad24e1606702561c4c2e605059ca8fd994?s=96&d=mm&r=g\",\"caption\":\"LIFE Platform\"},\"url\":\"https:\/\/lifeplatform.eu\/fr\/author\/claudia2015\/\"}]}<\/script>\n<!-- \/ Yoast SEO plugin. -->","yoast_head_json":{"title":"Strengthening Our Team: Meet Our New Admin & Financial Officer - Life Platform","robots":{"index":"index","follow":"follow","max-snippet":"max-snippet:-1","max-image-preview":"max-image-preview:large","max-video-preview":"max-video-preview:-1"},"canonical":"https:\/\/lifeplatform.eu\/fr\/strengthening-our-team-meet-our-new-admin-financial-officer\/","og_locale":"fr_FR","og_type":"article","og_title":"Strengthening Our Team: Meet Our New Admin & Financial Officer - Life Platform","og_description":"We are delighted to welcome Claudia Giulia Cantele Silva as our new Administrative and Financial Officer. From our Brussels office, she will help strengthen our internal processes and contribute to the efficient management and coordination of activities across the organisation. &nbsp; &nbsp; Could you briefly introduce yourself and tell us about your professional background before [&hellip;]","og_url":"https:\/\/lifeplatform.eu\/fr\/strengthening-our-team-meet-our-new-admin-financial-officer\/","og_site_name":"Life Platform","article_publisher":"https:\/\/www.facebook.com\/Low-Impact-Fishers-of-Europe-166393173503352\/?ref=hl","article_published_time":"2026-03-11T09:44:47+00:00","og_image":[{"width":1920,"height":1638,"url":"https:\/\/lifeplatform.eu\/wp-content\/uploads\/2026\/03\/clker-free-vector-images-people-297819_1920.png","type":"image\/png"}],"author":"LIFE Platform","twitter_card":"summary_large_image","twitter_creator":"@LIFEplatformEU","twitter_site":"@LIFEplatformEU","twitter_misc":{"\u00c9crit par":"LIFE Platform","Dur\u00e9e de lecture estim\u00e9e":"3 minutes"},"schema":{"@context":"https:\/\/schema.org","@graph":[{"@type":"WebPage","@id":"https:\/\/lifeplatform.eu\/strengthening-our-team-meet-our-new-admin-financial-officer\/","url":"https:\/\/lifeplatform.eu\/strengthening-our-team-meet-our-new-admin-financial-officer\/","name":"Strengthening Our Team: Meet Our New Admin & Financial Officer - Life Platform","isPartOf":{"@id":"https:\/\/lifeplatform.eu\/ro\/#website"},"primaryImageOfPage":{"@id":"https:\/\/lifeplatform.eu\/strengthening-our-team-meet-our-new-admin-financial-officer\/#primaryimage"},"image":{"@id":"https:\/\/lifeplatform.eu\/strengthening-our-team-meet-our-new-admin-financial-officer\/#primaryimage"},"thumbnailUrl":"https:\/\/lifeplatform.eu\/wp-content\/uploads\/2026\/03\/clker-free-vector-images-people-297819_1920.png","datePublished":"2026-03-11T09:44:47+00:00","author":{"@id":"https:\/\/lifeplatform.eu\/ro\/#\/schema\/person\/08408243d2c0a0f8f8a0e490f873351c"},"breadcrumb":{"@id":"https:\/\/lifeplatform.eu\/strengthening-our-team-meet-our-new-admin-financial-officer\/#breadcrumb"},"inLanguage":"fr-FR","potentialAction":[{"@type":"ReadAction","target":["https:\/\/lifeplatform.eu\/strengthening-our-team-meet-our-new-admin-financial-officer\/"]}]},{"@type":"ImageObject","inLanguage":"fr-FR","@id":"https:\/\/lifeplatform.eu\/strengthening-our-team-meet-our-new-admin-financial-officer\/#primaryimage","url":"https:\/\/lifeplatform.eu\/wp-content\/uploads\/2026\/03\/clker-free-vector-images-people-297819_1920.png","contentUrl":"https:\/\/lifeplatform.eu\/wp-content\/uploads\/2026\/03\/clker-free-vector-images-people-297819_1920.png","width":1920,"height":1638},{"@type":"BreadcrumbList","@id":"https:\/\/lifeplatform.eu\/strengthening-our-team-meet-our-new-admin-financial-officer\/#breadcrumb","itemListElement":[{"@type":"ListItem","position":1,"name":"Home","item":"https:\/\/lifeplatform.eu\/"},{"@type":"ListItem","position":2,"name":"Strengthening Our Team: Meet Our New Admin &#038; Financial Officer"}]},{"@type":"WebSite","@id":"https:\/\/lifeplatform.eu\/ro\/#website","url":"https:\/\/lifeplatform.eu\/ro\/","name":"Plate-forme de vie","description":"","potentialAction":[{"@type":"SearchAction","target":{"@type":"EntryPoint","urlTemplate":"https:\/\/lifeplatform.eu\/ro\/?s={search_term_string}"},"query-input":{"@type":"PropertyValueSpecification","valueRequired":true,"valueName":"search_term_string"}}],"inLanguage":"fr-FR"},{"@type":"Person","@id":"https:\/\/lifeplatform.eu\/ro\/#\/schema\/person\/08408243d2c0a0f8f8a0e490f873351c","name":"Plate-forme LIFE","image":{"@type":"ImageObject","inLanguage":"fr-FR","@id":"https:\/\/lifeplatform.eu\/ro\/#\/schema\/person\/image\/","url":"https:\/\/secure.gravatar.com\/avatar\/6ca31bdd062853151bd502f8094814ad24e1606702561c4c2e605059ca8fd994?s=96&d=mm&r=g","contentUrl":"https:\/\/secure.gravatar.com\/avatar\/6ca31bdd062853151bd502f8094814ad24e1606702561c4c2e605059ca8fd994?s=96&d=mm&r=g","caption":"LIFE Platform"},"url":"https:\/\/lifeplatform.eu\/fr\/author\/claudia2015\/"}]}},"_links":{"self":[{"href":"https:\/\/lifeplatform.eu\/fr\/wp-json\/wp\/v2\/posts\/22328","targetHints":{"allow":["GET"]}}],"collection":[{"href":"https:\/\/lifeplatform.eu\/fr\/wp-json\/wp\/v2\/posts"}],"about":[{"href":"https:\/\/lifeplatform.eu\/fr\/wp-json\/wp\/v2\/types\/post"}],"author":[{"embeddable":true,"href":"https:\/\/lifeplatform.eu\/fr\/wp-json\/wp\/v2\/users\/2"}],"replies":[{"embeddable":true,"href":"https:\/\/lifeplatform.eu\/fr\/wp-json\/wp\/v2\/comments?post=22328"}],"version-history":[{"count":6,"href":"https:\/\/lifeplatform.eu\/fr\/wp-json\/wp\/v2\/posts\/22328\/revisions"}],"predecessor-version":[{"id":22335,"href":"https:\/\/lifeplatform.eu\/fr\/wp-json\/wp\/v2\/posts\/22328\/revisions\/22335"}],"wp:featuredmedia":[{"embeddable":true,"href":"https:\/\/lifeplatform.eu\/fr\/wp-json\/wp\/v2\/media\/22330"}],"wp:attachment":[{"href":"https:\/\/lifeplatform.eu\/fr\/wp-json\/wp\/v2\/media?parent=22328"}],"wp:term":[{"taxonomy":"category","embeddable":true,"href":"https:\/\/lifeplatform.eu\/fr\/wp-json\/wp\/v2\/categories?post=22328"},{"taxonomy":"post_tag","embeddable":true,"href":"https:\/\/lifeplatform.eu\/fr\/wp-json\/wp\/v2\/tags?post=22328"}],"curies":[{"name":"wp","href":"https:\/\/api.w.org\/{rel}","templated":true}]}}