{"id":19980,"date":"2023-02-01T15:54:14","date_gmt":"2023-02-01T15:54:14","guid":{"rendered":"https:\/\/lifeplatform.eu\/?p=19980"},"modified":"2023-02-01T16:01:56","modified_gmt":"2023-02-01T16:01:56","slug":"life-calls-for-a-revision-of-the-baltic-sea-map","status":"publish","type":"post","link":"https:\/\/lifeplatform.eu\/es\/life-calls-for-a-revision-of-the-baltic-sea-map\/","title":{"rendered":"LIFE pide una revisi\u00f3n del PAM del Mar B\u00e1ltico"},"content":{"rendered":"<p>Este mes, el Parlamento Europeo celebr\u00f3 un <a href=\"https:\/\/multimedia.europarl.europa.eu\/en\/webstreaming\/committee-on-fisheries_20230123-1500-COMMITTEE-PECH\">audici\u00f3n<\/a> sobre la situaci\u00f3n del Plan Plurianual (<a href=\"https:\/\/www.fishsec.org\/app\/uploads\/2016\/10\/Baltic-MAP-final.pdf\">MAPA<\/a>) para el Mar B\u00e1ltico. Las partes interesadas de la regi\u00f3n fueron invitadas a compartir sus puntos de vista y preocupaciones, incluida LIFE, que estuvo representada por una presentaci\u00f3n sobre los pescadores artesanales del Mar B\u00e1ltico a cargo de Katarzyna Stepanowska. Katarzyna Stepanowska dio detalles sobre el declive del bacalao del B\u00e1ltico oriental en la regi\u00f3n, que lleva d\u00e9cadas produci\u00e9ndose.<\/p>\n<p>En la audiencia, qued\u00f3 claro que las partes interesadas consideran que el PAM, adoptado en 2016 para gestionar de forma sostenible el bacalao, el arenque y el espad\u00edn, es un fracaso. Jarek Zieli\u0144ski, presidente del BSAC (Consejo Consultivo del Mar B\u00e1ltico), dijo que los miembros del BSAC apoyaban una reforma del plan de gesti\u00f3n. Cathrine Pedersen Schirmer, de la <a href=\"https:\/\/www.dn.dk\/home\/english-page\/\">Sociedad Danesa para la Conservaci\u00f3n de la Naturaleza<\/a> argument\u00f3 que no se hab\u00edan cumplido los tres objetivos legislativos del POP.<\/p>\n<p>Adem\u00e1s, el MAPA no ha protegido adecuadamente a los pescadores artesanales, que representan m\u00e1s de 90% de la flota en n\u00famero de buques y proporcionan 65% de puestos de trabajo en el mar, pero s\u00f3lo reciben 7% de las capturas.  Para empeorar las cosas, 90 % de la biomasa pesquera extra\u00edda del Mar B\u00e1ltico se destina a la transformaci\u00f3n industrial, principalmente como harina y aceite de pescado para alimentaci\u00f3n animal.<\/p>\n<p>Vesa Tschernij del <a href=\"https:\/\/www.simrishamn.se\/om-kommunen\/marint-centrum\">Centro marino del municipio de Simrishamn<\/a>El Comisario de Pesca y Asuntos Mar\u00edtimos de la Comisi\u00f3n Europea, el socialista sueco G\u00f6ran K\u00f6ln, subray\u00f3 el marcado contraste entre la pesca alimentaria y la pesca de reducci\u00f3n, se\u00f1alando que se necesitan once veces m\u00e1s peces para generar los mismos ingresos con la pesca de reducci\u00f3n.<\/p>\n<p>En este contexto, LIFE pide una revisi\u00f3n del PAM del Mar B\u00e1ltico para incluir un plan de recuperaci\u00f3n del bacalao y medidas para la gesti\u00f3n de la solla y la platija, que han cobrado importancia pero no se incluyeron en la versi\u00f3n original del PAM.<\/p>\n<!--themify_builder_content-->\n<div id=\"themify_builder_content-19980\" data-postid=\"19980\" class=\"themify_builder_content themify_builder_content-19980 themify_builder tf_clear\">\n    <\/div>\n<!--\/themify_builder_content-->","protected":false},"excerpt":{"rendered":"<p>Este mes, el Parlamento Europeo celebr\u00f3 una audiencia sobre la situaci\u00f3n del Plan Plurianual (PPA) para el Mar B\u00e1ltico. Las partes interesadas de la regi\u00f3n fueron invitadas a compartir sus puntos de vista y preocupaciones, incluida LIFE, que estuvo representada por una presentaci\u00f3n sobre los pescadores artesanales del Mar B\u00e1ltico a cargo de Katarzyna Stepanowska. Dio detalles del declive [...]<\/p>","protected":false},"author":1,"featured_media":19981,"comment_status":"closed","ping_status":"closed","sticky":false,"template":"","format":"standard","meta":{"give_campaign_id":0,"footnotes":""},"categories":[1],"tags":[],"class_list":["post-19980","post","type-post","status-publish","format-standard","has-post-thumbnail","hentry","category-uncategorized","has-post-title","has-post-date","has-post-category","has-post-tag","has-post-comment","has-post-author",""],"yoast_head":"<!-- This site is optimized with the Yoast SEO plugin v26.6 - https:\/\/yoast.com\/wordpress\/plugins\/seo\/ -->\n<title>LIFE calls for a revision of the Baltic Sea MAP - Life Platform<\/title>\n<meta name=\"robots\" content=\"index, follow, max-snippet:-1, max-image-preview:large, max-video-preview:-1\" \/>\n<link rel=\"canonical\" href=\"https:\/\/lifeplatform.eu\/es\/life-calls-for-a-revision-of-the-baltic-sea-map\/\" \/>\n<meta property=\"og:locale\" content=\"es_ES\" \/>\n<meta property=\"og:type\" content=\"article\" \/>\n<meta property=\"og:title\" content=\"LIFE calls for a revision of the Baltic Sea MAP - Life Platform\" \/>\n<meta property=\"og:description\" content=\"This month, the European Parliament held a hearing on the status of the Multiannual Plan (MAP) for the Baltic Sea.\u00a0Stakeholders from the region were invited to share their point of view and concerns, including\u00a0LIFE\u00a0who was represented by a presentation on small-scale fishermen in the Baltic Sea by Katarzyna Stepanowska. She gave details of the decline [&hellip;]\" \/>\n<meta property=\"og:url\" content=\"https:\/\/lifeplatform.eu\/es\/life-calls-for-a-revision-of-the-baltic-sea-map\/\" \/>\n<meta property=\"og:site_name\" content=\"Life Platform\" \/>\n<meta property=\"article:publisher\" content=\"https:\/\/www.facebook.com\/Low-Impact-Fishers-of-Europe-166393173503352\/?ref=hl\" \/>\n<meta property=\"article:published_time\" content=\"2023-02-01T15:54:14+00:00\" \/>\n<meta property=\"article:modified_time\" content=\"2023-02-01T16:01:56+00:00\" \/>\n<meta property=\"og:image\" content=\"https:\/\/lifeplatform.eu\/wp-content\/uploads\/2023\/02\/Baltic-image-scaled.jpg\" \/>\n\t<meta property=\"og:image:width\" content=\"2560\" \/>\n\t<meta property=\"og:image:height\" content=\"1920\" \/>\n\t<meta property=\"og:image:type\" content=\"image\/jpeg\" \/>\n<meta name=\"author\" content=\"fen_06kv4t7j\" \/>\n<meta name=\"twitter:card\" content=\"summary_large_image\" \/>\n<meta name=\"twitter:creator\" content=\"@LIFEplatformEU\" \/>\n<meta name=\"twitter:site\" content=\"@LIFEplatformEU\" \/>\n<meta name=\"twitter:label1\" content=\"Escrito por\" \/>\n\t<meta name=\"twitter:data1\" content=\"fen_06kv4t7j\" \/>\n\t<meta name=\"twitter:label2\" content=\"Tiempo de lectura\" \/>\n\t<meta name=\"twitter:data2\" content=\"1 minuto\" \/>\n<script type=\"application\/ld+json\" class=\"yoast-schema-graph\">{\"@context\":\"https:\/\/schema.org\",\"@graph\":[{\"@type\":\"WebPage\",\"@id\":\"https:\/\/lifeplatform.eu\/fr\/life-calls-for-a-revision-of-the-baltic-sea-map\/\",\"url\":\"https:\/\/lifeplatform.eu\/fr\/life-calls-for-a-revision-of-the-baltic-sea-map\/\",\"name\":\"LIFE calls for a revision of the Baltic Sea MAP - Life Platform\",\"isPartOf\":{\"@id\":\"https:\/\/lifeplatform.eu\/ro\/#website\"},\"primaryImageOfPage\":{\"@id\":\"https:\/\/lifeplatform.eu\/fr\/life-calls-for-a-revision-of-the-baltic-sea-map\/#primaryimage\"},\"image\":{\"@id\":\"https:\/\/lifeplatform.eu\/fr\/life-calls-for-a-revision-of-the-baltic-sea-map\/#primaryimage\"},\"thumbnailUrl\":\"https:\/\/lifeplatform.eu\/wp-content\/uploads\/2023\/02\/Baltic-image-scaled.jpg\",\"datePublished\":\"2023-02-01T15:54:14+00:00\",\"dateModified\":\"2023-02-01T16:01:56+00:00\",\"author\":{\"@id\":\"https:\/\/lifeplatform.eu\/ro\/#\/schema\/person\/8b43cfe18db4a602c03b3d8ad3b7099c\"},\"breadcrumb\":{\"@id\":\"https:\/\/lifeplatform.eu\/fr\/life-calls-for-a-revision-of-the-baltic-sea-map\/#breadcrumb\"},\"inLanguage\":\"es\",\"potentialAction\":[{\"@type\":\"ReadAction\",\"target\":[\"https:\/\/lifeplatform.eu\/fr\/life-calls-for-a-revision-of-the-baltic-sea-map\/\"]}]},{\"@type\":\"ImageObject\",\"inLanguage\":\"es\",\"@id\":\"https:\/\/lifeplatform.eu\/fr\/life-calls-for-a-revision-of-the-baltic-sea-map\/#primaryimage\",\"url\":\"https:\/\/lifeplatform.eu\/wp-content\/uploads\/2023\/02\/Baltic-image-scaled.jpg\",\"contentUrl\":\"https:\/\/lifeplatform.eu\/wp-content\/uploads\/2023\/02\/Baltic-image-scaled.jpg\",\"width\":2560,\"height\":1920},{\"@type\":\"BreadcrumbList\",\"@id\":\"https:\/\/lifeplatform.eu\/fr\/life-calls-for-a-revision-of-the-baltic-sea-map\/#breadcrumb\",\"itemListElement\":[{\"@type\":\"ListItem\",\"position\":1,\"name\":\"Home\",\"item\":\"https:\/\/lifeplatform.eu\/\"},{\"@type\":\"ListItem\",\"position\":2,\"name\":\"LIFE calls for a revision of the Baltic Sea MAP\"}]},{\"@type\":\"WebSite\",\"@id\":\"https:\/\/lifeplatform.eu\/ro\/#website\",\"url\":\"https:\/\/lifeplatform.eu\/ro\/\",\"name\":\"Life Platform\",\"description\":\"\",\"potentialAction\":[{\"@type\":\"SearchAction\",\"target\":{\"@type\":\"EntryPoint\",\"urlTemplate\":\"https:\/\/lifeplatform.eu\/ro\/?s={search_term_string}\"},\"query-input\":{\"@type\":\"PropertyValueSpecification\",\"valueRequired\":true,\"valueName\":\"search_term_string\"}}],\"inLanguage\":\"es\"},{\"@type\":\"Person\",\"@id\":\"https:\/\/lifeplatform.eu\/ro\/#\/schema\/person\/8b43cfe18db4a602c03b3d8ad3b7099c\",\"name\":\"fen_06kv4t7j\",\"image\":{\"@type\":\"ImageObject\",\"inLanguage\":\"es\",\"@id\":\"https:\/\/lifeplatform.eu\/ro\/#\/schema\/person\/image\/\",\"url\":\"https:\/\/secure.gravatar.com\/avatar\/0aa1adcef6cfddc832666227fe583fbf20559b32b35af547089ccca965011300?s=96&d=mm&r=g\",\"contentUrl\":\"https:\/\/secure.gravatar.com\/avatar\/0aa1adcef6cfddc832666227fe583fbf20559b32b35af547089ccca965011300?s=96&d=mm&r=g\",\"caption\":\"fen_06kv4t7j\"},\"url\":\"https:\/\/lifeplatform.eu\/es\/author\/fen_06kv4t7j\/\"}]}<\/script>\n<!-- \/ Yoast SEO plugin. -->","yoast_head_json":{"title":"LIFE calls for a revision of the Baltic Sea MAP - Life Platform","robots":{"index":"index","follow":"follow","max-snippet":"max-snippet:-1","max-image-preview":"max-image-preview:large","max-video-preview":"max-video-preview:-1"},"canonical":"https:\/\/lifeplatform.eu\/es\/life-calls-for-a-revision-of-the-baltic-sea-map\/","og_locale":"es_ES","og_type":"article","og_title":"LIFE calls for a revision of the Baltic Sea MAP - Life Platform","og_description":"This month, the European Parliament held a hearing on the status of the Multiannual Plan (MAP) for the Baltic Sea.\u00a0Stakeholders from the region were invited to share their point of view and concerns, including\u00a0LIFE\u00a0who was represented by a presentation on small-scale fishermen in the Baltic Sea by Katarzyna Stepanowska. She gave details of the decline [&hellip;]","og_url":"https:\/\/lifeplatform.eu\/es\/life-calls-for-a-revision-of-the-baltic-sea-map\/","og_site_name":"Life Platform","article_publisher":"https:\/\/www.facebook.com\/Low-Impact-Fishers-of-Europe-166393173503352\/?ref=hl","article_published_time":"2023-02-01T15:54:14+00:00","article_modified_time":"2023-02-01T16:01:56+00:00","og_image":[{"width":2560,"height":1920,"url":"https:\/\/lifeplatform.eu\/wp-content\/uploads\/2023\/02\/Baltic-image-scaled.jpg","type":"image\/jpeg"}],"author":"fen_06kv4t7j","twitter_card":"summary_large_image","twitter_creator":"@LIFEplatformEU","twitter_site":"@LIFEplatformEU","twitter_misc":{"Escrito por":"fen_06kv4t7j","Tiempo de lectura":"1 minuto"},"schema":{"@context":"https:\/\/schema.org","@graph":[{"@type":"WebPage","@id":"https:\/\/lifeplatform.eu\/fr\/life-calls-for-a-revision-of-the-baltic-sea-map\/","url":"https:\/\/lifeplatform.eu\/fr\/life-calls-for-a-revision-of-the-baltic-sea-map\/","name":"LIFE calls for a revision of the Baltic Sea MAP - Life Platform","isPartOf":{"@id":"https:\/\/lifeplatform.eu\/ro\/#website"},"primaryImageOfPage":{"@id":"https:\/\/lifeplatform.eu\/fr\/life-calls-for-a-revision-of-the-baltic-sea-map\/#primaryimage"},"image":{"@id":"https:\/\/lifeplatform.eu\/fr\/life-calls-for-a-revision-of-the-baltic-sea-map\/#primaryimage"},"thumbnailUrl":"https:\/\/lifeplatform.eu\/wp-content\/uploads\/2023\/02\/Baltic-image-scaled.jpg","datePublished":"2023-02-01T15:54:14+00:00","dateModified":"2023-02-01T16:01:56+00:00","author":{"@id":"https:\/\/lifeplatform.eu\/ro\/#\/schema\/person\/8b43cfe18db4a602c03b3d8ad3b7099c"},"breadcrumb":{"@id":"https:\/\/lifeplatform.eu\/fr\/life-calls-for-a-revision-of-the-baltic-sea-map\/#breadcrumb"},"inLanguage":"es","potentialAction":[{"@type":"ReadAction","target":["https:\/\/lifeplatform.eu\/fr\/life-calls-for-a-revision-of-the-baltic-sea-map\/"]}]},{"@type":"ImageObject","inLanguage":"es","@id":"https:\/\/lifeplatform.eu\/fr\/life-calls-for-a-revision-of-the-baltic-sea-map\/#primaryimage","url":"https:\/\/lifeplatform.eu\/wp-content\/uploads\/2023\/02\/Baltic-image-scaled.jpg","contentUrl":"https:\/\/lifeplatform.eu\/wp-content\/uploads\/2023\/02\/Baltic-image-scaled.jpg","width":2560,"height":1920},{"@type":"BreadcrumbList","@id":"https:\/\/lifeplatform.eu\/fr\/life-calls-for-a-revision-of-the-baltic-sea-map\/#breadcrumb","itemListElement":[{"@type":"ListItem","position":1,"name":"Home","item":"https:\/\/lifeplatform.eu\/"},{"@type":"ListItem","position":2,"name":"LIFE calls for a revision of the Baltic Sea MAP"}]},{"@type":"WebSite","@id":"https:\/\/lifeplatform.eu\/ro\/#website","url":"https:\/\/lifeplatform.eu\/ro\/","name":"Plataforma de la vida","description":"","potentialAction":[{"@type":"SearchAction","target":{"@type":"EntryPoint","urlTemplate":"https:\/\/lifeplatform.eu\/ro\/?s={search_term_string}"},"query-input":{"@type":"PropertyValueSpecification","valueRequired":true,"valueName":"search_term_string"}}],"inLanguage":"es"},{"@type":"Person","@id":"https:\/\/lifeplatform.eu\/ro\/#\/schema\/person\/8b43cfe18db4a602c03b3d8ad3b7099c","name":"fen_06kv4t7j","image":{"@type":"ImageObject","inLanguage":"es","@id":"https:\/\/lifeplatform.eu\/ro\/#\/schema\/person\/image\/","url":"https:\/\/secure.gravatar.com\/avatar\/0aa1adcef6cfddc832666227fe583fbf20559b32b35af547089ccca965011300?s=96&d=mm&r=g","contentUrl":"https:\/\/secure.gravatar.com\/avatar\/0aa1adcef6cfddc832666227fe583fbf20559b32b35af547089ccca965011300?s=96&d=mm&r=g","caption":"fen_06kv4t7j"},"url":"https:\/\/lifeplatform.eu\/es\/author\/fen_06kv4t7j\/"}]}},"_links":{"self":[{"href":"https:\/\/lifeplatform.eu\/es\/wp-json\/wp\/v2\/posts\/19980","targetHints":{"allow":["GET"]}}],"collection":[{"href":"https:\/\/lifeplatform.eu\/es\/wp-json\/wp\/v2\/posts"}],"about":[{"href":"https:\/\/lifeplatform.eu\/es\/wp-json\/wp\/v2\/types\/post"}],"author":[{"embeddable":true,"href":"https:\/\/lifeplatform.eu\/es\/wp-json\/wp\/v2\/users\/1"}],"replies":[{"embeddable":true,"href":"https:\/\/lifeplatform.eu\/es\/wp-json\/wp\/v2\/comments?post=19980"}],"version-history":[{"count":7,"href":"https:\/\/lifeplatform.eu\/es\/wp-json\/wp\/v2\/posts\/19980\/revisions"}],"predecessor-version":[{"id":19988,"href":"https:\/\/lifeplatform.eu\/es\/wp-json\/wp\/v2\/posts\/19980\/revisions\/19988"}],"wp:featuredmedia":[{"embeddable":true,"href":"https:\/\/lifeplatform.eu\/es\/wp-json\/wp\/v2\/media\/19981"}],"wp:attachment":[{"href":"https:\/\/lifeplatform.eu\/es\/wp-json\/wp\/v2\/media?parent=19980"}],"wp:term":[{"taxonomy":"category","embeddable":true,"href":"https:\/\/lifeplatform.eu\/es\/wp-json\/wp\/v2\/categories?post=19980"},{"taxonomy":"post_tag","embeddable":true,"href":"https:\/\/lifeplatform.eu\/es\/wp-json\/wp\/v2\/tags?post=19980"}],"curies":[{"name":"wp","href":"https:\/\/api.w.org\/{rel}","templated":true}]}}