{"id":18858,"date":"2021-10-19T10:45:46","date_gmt":"2021-10-19T10:45:46","guid":{"rendered":"https:\/\/lifeplatform.eu\/?p=18858"},"modified":"2021-10-19T10:45:46","modified_gmt":"2021-10-19T10:45:46","slug":"life-participates-in-the-first-seminar-of-the-international-rural-womens-day-in-the-balearic-islands","status":"publish","type":"post","link":"https:\/\/lifeplatform.eu\/es\/life-participates-in-the-first-seminar-of-the-international-rural-womens-day-in-the-balearic-islands\/","title":{"rendered":"LIFE PARTICIPA EN EL PRIMER SEMINARIO DEL D\u00cdA INTERNACIONAL DE LA MUJER RURAL EN BALEARES"},"content":{"rendered":"<p><img loading=\"lazy\" decoding=\"async\" class=\"aligncenter  wp-image-18859\" src=\"https:\/\/lifeplatform.eu\/wp-content\/uploads\/2021\/10\/Foto_pescadora_2.jpg\" alt=\"\" width=\"679\" height=\"905\" srcset=\"https:\/\/lifeplatform.eu\/wp-content\/uploads\/2021\/10\/Foto_pescadora_2.jpg 1500w, https:\/\/lifeplatform.eu\/wp-content\/uploads\/2021\/10\/Foto_pescadora_2-225x300.jpg 225w, https:\/\/lifeplatform.eu\/wp-content\/uploads\/2021\/10\/Foto_pescadora_2-768x1024.jpg 768w\" sizes=\"auto, (max-width: 679px) 100vw, 679px\" \/><\/p>\n<p>El 15 de octubre es el D\u00eda Internacional de la Mujer Rural, y el Gobierno Balear se sum\u00f3 a la celebraci\u00f3n organizando la primera Jornada del Plan de Igualdad de las Islas Baleares (Espa\u00f1a).<\/p>\n<p>El sector primario est\u00e1 representado por mujeres en los sectores agr\u00edcola, ganadero, pesquero y agroalimentario. De todos los subsectores, seg\u00fan las estad\u00edsticas del Gobierno Balear, es en el sector pesquero donde la presencia de mujeres es minoritaria, con s\u00f3lo 2% de mujeres tripulando barcos y 7% de mujeres trabajando en la cadena de valor del sector pesquero.<\/p>\n<p>La consejera de Agricultura, Pesca y Alimentaci\u00f3n, Mae de la Concha, abri\u00f3 la jornada explicando la importancia de potenciar el liderazgo y la visibilidad de las mujeres en los sectores que conforman el sector primario. \"Las mujeres siempre han estado ah\u00ed, pero no como titulares de explotaciones, como propietarias, como asalariadas de pleno derecho, ni est\u00e1n en muchas listas de la Seguridad Social, y muchas veces tienen pensiones rid\u00edculas, despu\u00e9s de toda una vida de trabajo, no s\u00f3lo en el campo y el mar, sino tambi\u00e9n cuidando de la casa y la familia\".<\/p>\n<p>Anna Masdeu Lalanza, coordinadora de LIFE en Baleares particip\u00f3 en la primera ronda de mujeres basada en el liderazgo femenino en el sector primario, aportando su visi\u00f3n del papel de la mujer en el sector pesquero del Mediterr\u00e1neo, as\u00ed como su experiencia como mujer en el sector agroalimentario y pesquero en el que ha desarrollado su carrera profesional.<\/p>\n<p>Pescadoras de Ibiza y Menorca dieron sus testimonios, destacando la necesidad de conciliar sus horarios de pesca con sus familias, y la necesidad de ayudas sociales o econ\u00f3micas para poder seguir realizando esta actividad productiva que les apasiona y a la que no quieren renunciar.<\/p>\n<p>El director general de Pesca de Baleares, Joan Mercant, el presidente de la federaci\u00f3n balear de cofrad\u00edas de pescadores, Domingo Bon\u00edn, y el presidente de la federaci\u00f3n espa\u00f1ola de cofrad\u00edas de pescadores, Basilio Ortega, coincidieron en valorar el papel de la mujer en el sector pesquero.<\/p>\n<p>La jefa de gabinete de la Conselleria de Agricultura, Pesca y Alimentaci\u00f3n, Mar Mas, present\u00f3 el Plan de Igualdad de Baleares como una herramienta para que las cooperativas, cofrad\u00edas de pescadores y organizaciones agrarias promuevan la participaci\u00f3n y presencia de las mujeres en la toma de decisiones del sector primario en Baleares.<\/p>\n<p>Se entregaron los premios del 2\u00ba concurso de fotograf\u00eda \"Desde el mar y la tierra\", en el que dos j\u00f3venes pescadoras de Ciudadela (Menorca) obtuvieron tres premios en la categor\u00eda de pesca.<\/p>\n<p>Puede ver la grabaci\u00f3n del evento <a href=\"https:\/\/www.youtube.com\/watch?v=TGwPm-W3kD0\" target=\"_blank\" rel=\"noopener noreferrer\">aqu\u00ed<\/a>.<\/p>\n<!--themify_builder_content-->\n<div id=\"themify_builder_content-18858\" data-postid=\"18858\" class=\"themify_builder_content themify_builder_content-18858 themify_builder tf_clear\">\n    <\/div>\n<!--\/themify_builder_content-->","protected":false},"excerpt":{"rendered":"<p>El 15 de octubre es el D\u00eda Internacional de la Mujer Rural, y el Gobierno Balear se sum\u00f3 a la celebraci\u00f3n organizando la primera Jornada del Plan de Igualdad de las Islas Baleares (Espa\u00f1a). El sector primario est\u00e1 representado por mujeres en los sectores agr\u00edcola, ganadero, pesquero y agroalimentario. De todos los subsectores, seg\u00fan las estad\u00edsticas de [...]<\/p>","protected":false},"author":1,"featured_media":0,"comment_status":"closed","ping_status":"closed","sticky":false,"template":"","format":"standard","meta":{"give_campaign_id":0,"footnotes":""},"categories":[4],"tags":[],"class_list":["post-18858","post","type-post","status-publish","format-standard","hentry","category-news","has-post-title","has-post-date","has-post-category","has-post-tag","has-post-comment","has-post-author",""],"yoast_head":"<!-- This site is optimized with the Yoast SEO plugin v26.6 - https:\/\/yoast.com\/wordpress\/plugins\/seo\/ -->\n<title>LIFE PARTICIPATES IN THE FIRST SEMINAR OF THE INTERNATIONAL RURAL WOMEN\u2019S DAY IN THE BALEARIC ISLANDS - Life Platform<\/title>\n<meta name=\"robots\" content=\"index, follow, max-snippet:-1, max-image-preview:large, max-video-preview:-1\" \/>\n<link rel=\"canonical\" href=\"https:\/\/lifeplatform.eu\/es\/life-participates-in-the-first-seminar-of-the-international-rural-womens-day-in-the-balearic-islands\/\" \/>\n<meta property=\"og:locale\" content=\"es_ES\" \/>\n<meta property=\"og:type\" content=\"article\" \/>\n<meta property=\"og:title\" content=\"LIFE PARTICIPATES IN THE FIRST SEMINAR OF THE INTERNATIONAL RURAL WOMEN\u2019S DAY IN THE BALEARIC ISLANDS - Life Platform\" \/>\n<meta property=\"og:description\" content=\"The 15th of October is the International Rural Women&#8217;s Day, and the Balearic Government joined the celebration by organizing the first Day of the Equality Plan of the Balearic Islands (Spain). The primary sector is represented by women in the agricultural, livestock, fishing and agri-food sectors. Of all the sub-sectors, according to the statistics of [&hellip;]\" \/>\n<meta property=\"og:url\" content=\"https:\/\/lifeplatform.eu\/es\/life-participates-in-the-first-seminar-of-the-international-rural-womens-day-in-the-balearic-islands\/\" \/>\n<meta property=\"og:site_name\" content=\"Life Platform\" \/>\n<meta property=\"article:publisher\" content=\"https:\/\/www.facebook.com\/Low-Impact-Fishers-of-Europe-166393173503352\/?ref=hl\" \/>\n<meta property=\"article:published_time\" content=\"2021-10-19T10:45:46+00:00\" \/>\n<meta property=\"og:image\" content=\"https:\/\/lifeplatform.eu\/wp-content\/uploads\/2021\/10\/Foto_pescadora_2.jpg\" \/>\n\t<meta property=\"og:image:width\" content=\"1500\" \/>\n\t<meta property=\"og:image:height\" content=\"2000\" \/>\n\t<meta property=\"og:image:type\" content=\"image\/jpeg\" \/>\n<meta name=\"author\" content=\"fen_06kv4t7j\" \/>\n<meta name=\"twitter:card\" content=\"summary_large_image\" \/>\n<meta name=\"twitter:creator\" content=\"@LIFEplatformEU\" \/>\n<meta name=\"twitter:site\" content=\"@LIFEplatformEU\" \/>\n<meta name=\"twitter:label1\" content=\"Escrito por\" \/>\n\t<meta name=\"twitter:data1\" content=\"fen_06kv4t7j\" \/>\n\t<meta name=\"twitter:label2\" content=\"Tiempo de lectura\" \/>\n\t<meta name=\"twitter:data2\" content=\"2 minutos\" \/>\n<script type=\"application\/ld+json\" class=\"yoast-schema-graph\">{\"@context\":\"https:\/\/schema.org\",\"@graph\":[{\"@type\":\"WebPage\",\"@id\":\"https:\/\/lifeplatform.eu\/es\/life-participates-in-the-first-seminar-of-the-international-rural-womens-day-in-the-balearic-islands\/\",\"url\":\"https:\/\/lifeplatform.eu\/es\/life-participates-in-the-first-seminar-of-the-international-rural-womens-day-in-the-balearic-islands\/\",\"name\":\"LIFE PARTICIPATES IN THE FIRST SEMINAR OF THE INTERNATIONAL RURAL WOMEN\u2019S DAY IN THE BALEARIC ISLANDS - Life Platform\",\"isPartOf\":{\"@id\":\"https:\/\/lifeplatform.eu\/ro\/#website\"},\"primaryImageOfPage\":{\"@id\":\"https:\/\/lifeplatform.eu\/es\/life-participates-in-the-first-seminar-of-the-international-rural-womens-day-in-the-balearic-islands\/#primaryimage\"},\"image\":{\"@id\":\"https:\/\/lifeplatform.eu\/es\/life-participates-in-the-first-seminar-of-the-international-rural-womens-day-in-the-balearic-islands\/#primaryimage\"},\"thumbnailUrl\":\"https:\/\/lifeplatform.eu\/wp-content\/uploads\/2021\/10\/Foto_pescadora_2.jpg\",\"datePublished\":\"2021-10-19T10:45:46+00:00\",\"author\":{\"@id\":\"https:\/\/lifeplatform.eu\/ro\/#\/schema\/person\/8b43cfe18db4a602c03b3d8ad3b7099c\"},\"breadcrumb\":{\"@id\":\"https:\/\/lifeplatform.eu\/es\/life-participates-in-the-first-seminar-of-the-international-rural-womens-day-in-the-balearic-islands\/#breadcrumb\"},\"inLanguage\":\"es\",\"potentialAction\":[{\"@type\":\"ReadAction\",\"target\":[\"https:\/\/lifeplatform.eu\/es\/life-participates-in-the-first-seminar-of-the-international-rural-womens-day-in-the-balearic-islands\/\"]}]},{\"@type\":\"ImageObject\",\"inLanguage\":\"es\",\"@id\":\"https:\/\/lifeplatform.eu\/es\/life-participates-in-the-first-seminar-of-the-international-rural-womens-day-in-the-balearic-islands\/#primaryimage\",\"url\":\"https:\/\/lifeplatform.eu\/wp-content\/uploads\/2021\/10\/Foto_pescadora_2.jpg\",\"contentUrl\":\"https:\/\/lifeplatform.eu\/wp-content\/uploads\/2021\/10\/Foto_pescadora_2.jpg\"},{\"@type\":\"BreadcrumbList\",\"@id\":\"https:\/\/lifeplatform.eu\/es\/life-participates-in-the-first-seminar-of-the-international-rural-womens-day-in-the-balearic-islands\/#breadcrumb\",\"itemListElement\":[{\"@type\":\"ListItem\",\"position\":1,\"name\":\"Home\",\"item\":\"https:\/\/lifeplatform.eu\/\"},{\"@type\":\"ListItem\",\"position\":2,\"name\":\"LIFE PARTICIPATES IN THE FIRST SEMINAR OF THE INTERNATIONAL RURAL WOMEN\u2019S DAY IN THE BALEARIC ISLANDS\"}]},{\"@type\":\"WebSite\",\"@id\":\"https:\/\/lifeplatform.eu\/ro\/#website\",\"url\":\"https:\/\/lifeplatform.eu\/ro\/\",\"name\":\"Life Platform\",\"description\":\"\",\"potentialAction\":[{\"@type\":\"SearchAction\",\"target\":{\"@type\":\"EntryPoint\",\"urlTemplate\":\"https:\/\/lifeplatform.eu\/ro\/?s={search_term_string}\"},\"query-input\":{\"@type\":\"PropertyValueSpecification\",\"valueRequired\":true,\"valueName\":\"search_term_string\"}}],\"inLanguage\":\"es\"},{\"@type\":\"Person\",\"@id\":\"https:\/\/lifeplatform.eu\/ro\/#\/schema\/person\/8b43cfe18db4a602c03b3d8ad3b7099c\",\"name\":\"fen_06kv4t7j\",\"image\":{\"@type\":\"ImageObject\",\"inLanguage\":\"es\",\"@id\":\"https:\/\/lifeplatform.eu\/ro\/#\/schema\/person\/image\/\",\"url\":\"https:\/\/secure.gravatar.com\/avatar\/0aa1adcef6cfddc832666227fe583fbf20559b32b35af547089ccca965011300?s=96&d=mm&r=g\",\"contentUrl\":\"https:\/\/secure.gravatar.com\/avatar\/0aa1adcef6cfddc832666227fe583fbf20559b32b35af547089ccca965011300?s=96&d=mm&r=g\",\"caption\":\"fen_06kv4t7j\"},\"url\":\"https:\/\/lifeplatform.eu\/es\/author\/fen_06kv4t7j\/\"}]}<\/script>\n<!-- \/ Yoast SEO plugin. -->","yoast_head_json":{"title":"LIFE PARTICIPATES IN THE FIRST SEMINAR OF THE INTERNATIONAL RURAL WOMEN\u2019S DAY IN THE BALEARIC ISLANDS - Life Platform","robots":{"index":"index","follow":"follow","max-snippet":"max-snippet:-1","max-image-preview":"max-image-preview:large","max-video-preview":"max-video-preview:-1"},"canonical":"https:\/\/lifeplatform.eu\/es\/life-participates-in-the-first-seminar-of-the-international-rural-womens-day-in-the-balearic-islands\/","og_locale":"es_ES","og_type":"article","og_title":"LIFE PARTICIPATES IN THE FIRST SEMINAR OF THE INTERNATIONAL RURAL WOMEN\u2019S DAY IN THE BALEARIC ISLANDS - Life Platform","og_description":"The 15th of October is the International Rural Women&#8217;s Day, and the Balearic Government joined the celebration by organizing the first Day of the Equality Plan of the Balearic Islands (Spain). The primary sector is represented by women in the agricultural, livestock, fishing and agri-food sectors. Of all the sub-sectors, according to the statistics of [&hellip;]","og_url":"https:\/\/lifeplatform.eu\/es\/life-participates-in-the-first-seminar-of-the-international-rural-womens-day-in-the-balearic-islands\/","og_site_name":"Life Platform","article_publisher":"https:\/\/www.facebook.com\/Low-Impact-Fishers-of-Europe-166393173503352\/?ref=hl","article_published_time":"2021-10-19T10:45:46+00:00","og_image":[{"width":1500,"height":2000,"url":"https:\/\/lifeplatform.eu\/wp-content\/uploads\/2021\/10\/Foto_pescadora_2.jpg","type":"image\/jpeg"}],"author":"fen_06kv4t7j","twitter_card":"summary_large_image","twitter_creator":"@LIFEplatformEU","twitter_site":"@LIFEplatformEU","twitter_misc":{"Escrito por":"fen_06kv4t7j","Tiempo de lectura":"2 minutos"},"schema":{"@context":"https:\/\/schema.org","@graph":[{"@type":"WebPage","@id":"https:\/\/lifeplatform.eu\/es\/life-participates-in-the-first-seminar-of-the-international-rural-womens-day-in-the-balearic-islands\/","url":"https:\/\/lifeplatform.eu\/es\/life-participates-in-the-first-seminar-of-the-international-rural-womens-day-in-the-balearic-islands\/","name":"LIFE PARTICIPATES IN THE FIRST SEMINAR OF THE INTERNATIONAL RURAL WOMEN\u2019S DAY IN THE BALEARIC ISLANDS - Life Platform","isPartOf":{"@id":"https:\/\/lifeplatform.eu\/ro\/#website"},"primaryImageOfPage":{"@id":"https:\/\/lifeplatform.eu\/es\/life-participates-in-the-first-seminar-of-the-international-rural-womens-day-in-the-balearic-islands\/#primaryimage"},"image":{"@id":"https:\/\/lifeplatform.eu\/es\/life-participates-in-the-first-seminar-of-the-international-rural-womens-day-in-the-balearic-islands\/#primaryimage"},"thumbnailUrl":"https:\/\/lifeplatform.eu\/wp-content\/uploads\/2021\/10\/Foto_pescadora_2.jpg","datePublished":"2021-10-19T10:45:46+00:00","author":{"@id":"https:\/\/lifeplatform.eu\/ro\/#\/schema\/person\/8b43cfe18db4a602c03b3d8ad3b7099c"},"breadcrumb":{"@id":"https:\/\/lifeplatform.eu\/es\/life-participates-in-the-first-seminar-of-the-international-rural-womens-day-in-the-balearic-islands\/#breadcrumb"},"inLanguage":"es","potentialAction":[{"@type":"ReadAction","target":["https:\/\/lifeplatform.eu\/es\/life-participates-in-the-first-seminar-of-the-international-rural-womens-day-in-the-balearic-islands\/"]}]},{"@type":"ImageObject","inLanguage":"es","@id":"https:\/\/lifeplatform.eu\/es\/life-participates-in-the-first-seminar-of-the-international-rural-womens-day-in-the-balearic-islands\/#primaryimage","url":"https:\/\/lifeplatform.eu\/wp-content\/uploads\/2021\/10\/Foto_pescadora_2.jpg","contentUrl":"https:\/\/lifeplatform.eu\/wp-content\/uploads\/2021\/10\/Foto_pescadora_2.jpg"},{"@type":"BreadcrumbList","@id":"https:\/\/lifeplatform.eu\/es\/life-participates-in-the-first-seminar-of-the-international-rural-womens-day-in-the-balearic-islands\/#breadcrumb","itemListElement":[{"@type":"ListItem","position":1,"name":"Home","item":"https:\/\/lifeplatform.eu\/"},{"@type":"ListItem","position":2,"name":"LIFE PARTICIPATES IN THE FIRST SEMINAR OF THE INTERNATIONAL RURAL WOMEN\u2019S DAY IN THE BALEARIC ISLANDS"}]},{"@type":"WebSite","@id":"https:\/\/lifeplatform.eu\/ro\/#website","url":"https:\/\/lifeplatform.eu\/ro\/","name":"Plataforma de la vida","description":"","potentialAction":[{"@type":"SearchAction","target":{"@type":"EntryPoint","urlTemplate":"https:\/\/lifeplatform.eu\/ro\/?s={search_term_string}"},"query-input":{"@type":"PropertyValueSpecification","valueRequired":true,"valueName":"search_term_string"}}],"inLanguage":"es"},{"@type":"Person","@id":"https:\/\/lifeplatform.eu\/ro\/#\/schema\/person\/8b43cfe18db4a602c03b3d8ad3b7099c","name":"fen_06kv4t7j","image":{"@type":"ImageObject","inLanguage":"es","@id":"https:\/\/lifeplatform.eu\/ro\/#\/schema\/person\/image\/","url":"https:\/\/secure.gravatar.com\/avatar\/0aa1adcef6cfddc832666227fe583fbf20559b32b35af547089ccca965011300?s=96&d=mm&r=g","contentUrl":"https:\/\/secure.gravatar.com\/avatar\/0aa1adcef6cfddc832666227fe583fbf20559b32b35af547089ccca965011300?s=96&d=mm&r=g","caption":"fen_06kv4t7j"},"url":"https:\/\/lifeplatform.eu\/es\/author\/fen_06kv4t7j\/"}]}},"_links":{"self":[{"href":"https:\/\/lifeplatform.eu\/es\/wp-json\/wp\/v2\/posts\/18858","targetHints":{"allow":["GET"]}}],"collection":[{"href":"https:\/\/lifeplatform.eu\/es\/wp-json\/wp\/v2\/posts"}],"about":[{"href":"https:\/\/lifeplatform.eu\/es\/wp-json\/wp\/v2\/types\/post"}],"author":[{"embeddable":true,"href":"https:\/\/lifeplatform.eu\/es\/wp-json\/wp\/v2\/users\/1"}],"replies":[{"embeddable":true,"href":"https:\/\/lifeplatform.eu\/es\/wp-json\/wp\/v2\/comments?post=18858"}],"version-history":[{"count":2,"href":"https:\/\/lifeplatform.eu\/es\/wp-json\/wp\/v2\/posts\/18858\/revisions"}],"predecessor-version":[{"id":18872,"href":"https:\/\/lifeplatform.eu\/es\/wp-json\/wp\/v2\/posts\/18858\/revisions\/18872"}],"wp:attachment":[{"href":"https:\/\/lifeplatform.eu\/es\/wp-json\/wp\/v2\/media?parent=18858"}],"wp:term":[{"taxonomy":"category","embeddable":true,"href":"https:\/\/lifeplatform.eu\/es\/wp-json\/wp\/v2\/categories?post=18858"},{"taxonomy":"post_tag","embeddable":true,"href":"https:\/\/lifeplatform.eu\/es\/wp-json\/wp\/v2\/tags?post=18858"}],"curies":[{"name":"wp","href":"https:\/\/api.w.org\/{rel}","templated":true}]}}